{"id":6649,"date":"2026-04-21T22:57:31","date_gmt":"2026-04-21T22:57:31","guid":{"rendered":"https:\/\/grancanariaajedrez.es\/?p=6649"},"modified":"2026-04-21T22:57:32","modified_gmt":"2026-04-21T22:57:32","slug":"gran-exito-y-alta-participacion-en-la-final-de-los-juegos-de-gran-canaria-sub-12-a-sub-16","status":"publish","type":"post","link":"https:\/\/grancanariaajedrez.es\/index.php\/2026\/04\/21\/gran-exito-y-alta-participacion-en-la-final-de-los-juegos-de-gran-canaria-sub-12-a-sub-16\/","title":{"rendered":"Gran \u00e9xito y alta participaci\u00f3n en la Final de los Juegos de Gran Canaria (Sub-12 a Sub-16)"},"content":{"rendered":"\n<p>El pasado fin de semana del 18 y 19 de abril se disput\u00f3 con gran expectaci\u00f3n la&nbsp;<strong>Final de los Juegos de Gran Canaria de Ajedrez<\/strong>, abarcando las categor\u00edas desde Sub-12 hasta Sub-16, en sus modalidades Open y Femenina.<\/p>\n\n\n\n<p>El evento ha congregado a las j\u00f3venes promesas del ajedrez de nuestra isla, quienes han demostrado un excelente nivel competitivo y una gran deportividad a lo largo de todas las rondas. Desde la Federaci\u00f3n Insular queremos felicitar el extraordinario esfuerzo de todos los participantes y dar nuestra m\u00e1s sincera enhorabuena a los campeones de cada categor\u00eda.<\/p>\n\n\n\n<p>A continuaci\u00f3n, destacamos a los integrantes del podio de cada grupo:<\/p>\n\n\n\n<ul class=\"wp-block-list\">\n<li><strong>Sub-16 Open:<\/strong>\u00a01\u00ba David Blanco Garc\u00eda Bajo, 2\u00ba Carlos Silverio Matos Espino, 3\u00ba Luis Dingyu Trocoli Romero.<\/li>\n\n\n\n<li><strong>Sub-16 Femenino:<\/strong>\u00a01\u00aa Adriana Garc\u00eda Rodr\u00edguez, 2\u00aa Yaiza Quintana Arcila, 3\u00aa Beatrice Moreno Schulze.<\/li>\n\n\n\n<li><strong>Sub-14 Open:<\/strong>\u00a01\u00ba Diego S\u00e1nchez Gonz\u00e1lez, 2\u00ba Rafael Mart\u00ednez Correa, 3\u00ba Isa\u00edas Santana Londo\u00f1o.<\/li>\n\n\n\n<li><strong>Sub-14 Femenino:<\/strong>\u00a01\u00aa Paula D\u00edaz Ram\u00edrez, 2\u00aa Celia Su\u00e1rez Navarro, 3\u00aa Mairey Elena Robaina Mateo.<\/li>\n\n\n\n<li><strong>Sub-12 Open:<\/strong>\u00a01\u00ba H\u00e9ctor Manu Figueroa Del Rosario, 2\u00ba Rom\u00e1n Franco Rivero, 3\u00ba Alejandro Vera Seigneur.<\/li>\n\n\n\n<li><strong>Sub-12 Femenino:<\/strong>\u00a01\u00aa Isabella Padr\u00f3n Su\u00e1rez, 2\u00aa Irene Santana Londo\u00f1o, 3\u00aa Alba S\u00e1nchez Castro.<\/li>\n<\/ul>\n\n\n\n<p>Para consultar todos los detalles del torneo, emparejamientos y la clasificaci\u00f3n final completa, pueden acceder al siguiente enlace de Chess-Results: \ud83d\udd17&nbsp;<a href=\"https:\/\/s3.chess-results.com\/tnr1392684.aspx?lan=1&amp;art=0&amp;fed=ESP&amp;turdet=YES&amp;flag=30&amp;SNode=S0\">Resultados y clasificaciones en Chess-Results<\/a><\/p>\n\n\n\n<p><strong>Galer\u00eda de Im\u00e1genes del Torneo:<\/strong>&nbsp;Hemos recopilado los mejores momentos del campeonato. Aunque algunas im\u00e1genes destacadas de los ganadores se han subido a nuestras redes sociales, ponemos a disposici\u00f3n de padres, clubes y jugadores una carpeta completa con todas las fotograf\u00edas del evento.<\/p>\n\n\n\n<p>\ud83d\udcf8 Puedes acceder y descargar todas las fotograf\u00edas en el siguiente directorio: \ud83d\udd17&nbsp;<a href=\"https:\/\/drive.google.com\/drive\/folders\/1Us5GfLwaucWB-jW8SwxPWqV_2DfPOU_T?usp=sharing\">Ver galer\u00eda completa del torneo en Google Drive<\/a><\/p>\n\n\n\n<p>Agradecemos a las instituciones, \u00e1rbitros, clubes y familias por hacer posible una vez m\u00e1s esta gran fiesta del ajedrez base grancanario. \u00a1Nos vemos en el pr\u00f3ximo torneo!<\/p>\n\n\n\n<p><\/p>\n","protected":false},"excerpt":{"rendered":"<p>El pasado fin de semana del 18 y 19 de abril se disput\u00f3 con gran expectaci\u00f3n la&nbsp;Final de los Juegos de Gran Canaria de Ajedrez, abarcando las categor\u00edas desde Sub-12 hasta Sub-16, en sus modalidades Open y Femenina. El evento ha congregado a las j\u00f3venes promesas del ajedrez de nuestra isla, quienes han demostrado un [&hellip;]<\/p>\n","protected":false},"author":4,"featured_media":6561,"comment_status":"closed","ping_status":"open","sticky":false,"template":"","format":"standard","meta":{"ngg_post_thumbnail":0,"footnotes":""},"categories":[1],"tags":[],"class_list":["post-6649","post","type-post","status-publish","format-standard","has-post-thumbnail","hentry","category-portal"],"yoast_head":"<!-- This site is optimized with the Yoast SEO plugin v27.5 - https:\/\/yoast.com\/product\/yoast-seo-wordpress\/ -->\n<title>Gran \u00e9xito y alta participaci\u00f3n en la Final de los Juegos de Gran Canaria (Sub-12 a Sub-16) - Federaci\u00f3n insular de ajedrez de Gran Canaria<\/title>\n<meta name=\"robots\" content=\"index, follow, max-snippet:-1, max-image-preview:large, max-video-preview:-1\" \/>\n<link rel=\"canonical\" href=\"https:\/\/grancanariaajedrez.es\/index.php\/2026\/04\/21\/gran-exito-y-alta-participacion-en-la-final-de-los-juegos-de-gran-canaria-sub-12-a-sub-16\/\" \/>\n<meta property=\"og:locale\" content=\"es_ES\" \/>\n<meta property=\"og:type\" content=\"article\" \/>\n<meta property=\"og:title\" content=\"Gran \u00e9xito y alta participaci\u00f3n en la Final de los Juegos de Gran Canaria (Sub-12 a Sub-16) - Federaci\u00f3n insular de ajedrez de Gran Canaria\" \/>\n<meta property=\"og:description\" content=\"El pasado fin de semana del 18 y 19 de abril se disput\u00f3 con gran expectaci\u00f3n la&nbsp;Final de los Juegos de Gran Canaria de Ajedrez, abarcando las categor\u00edas desde Sub-12 hasta Sub-16, en sus modalidades Open y Femenina. El evento ha congregado a las j\u00f3venes promesas del ajedrez de nuestra isla, quienes han demostrado un [&hellip;]\" \/>\n<meta property=\"og:url\" content=\"https:\/\/grancanariaajedrez.es\/index.php\/2026\/04\/21\/gran-exito-y-alta-participacion-en-la-final-de-los-juegos-de-gran-canaria-sub-12-a-sub-16\/\" \/>\n<meta property=\"og:site_name\" content=\"Federaci\u00f3n insular de ajedrez de Gran Canaria\" \/>\n<meta property=\"article:publisher\" content=\"https:\/\/www.facebook.com\/people\/Federacion-Ajedrez-Gran-Canaria\/100057093924634\/\" \/>\n<meta property=\"article:published_time\" content=\"2026-04-21T22:57:31+00:00\" \/>\n<meta property=\"article:modified_time\" content=\"2026-04-21T22:57:32+00:00\" \/>\n<meta property=\"og:image\" content=\"https:\/\/grancanariaajedrez.es\/wp-content\/uploads\/2026\/03\/Sub-12-1024x1024.png\" \/>\n\t<meta property=\"og:image:width\" content=\"1024\" \/>\n\t<meta property=\"og:image:height\" content=\"1024\" \/>\n\t<meta property=\"og:image:type\" content=\"image\/png\" \/>\n<meta name=\"author\" content=\"ADMINGCAJEDREZ\" \/>\n<meta name=\"twitter:card\" content=\"summary_large_image\" \/>\n<meta name=\"twitter:label1\" content=\"Escrito por\" \/>\n\t<meta name=\"twitter:data1\" content=\"ADMINGCAJEDREZ\" \/>\n\t<meta name=\"twitter:label2\" content=\"Tiempo de lectura\" \/>\n\t<meta name=\"twitter:data2\" content=\"2 minutos\" \/>\n<script type=\"application\/ld+json\" class=\"yoast-schema-graph\">{\"@context\":\"https:\\\/\\\/schema.org\",\"@graph\":[{\"@type\":\"Article\",\"@id\":\"https:\\\/\\\/grancanariaajedrez.es\\\/index.php\\\/2026\\\/04\\\/21\\\/gran-exito-y-alta-participacion-en-la-final-de-los-juegos-de-gran-canaria-sub-12-a-sub-16\\\/#article\",\"isPartOf\":{\"@id\":\"https:\\\/\\\/grancanariaajedrez.es\\\/index.php\\\/2026\\\/04\\\/21\\\/gran-exito-y-alta-participacion-en-la-final-de-los-juegos-de-gran-canaria-sub-12-a-sub-16\\\/\"},\"author\":{\"name\":\"ADMINGCAJEDREZ\",\"@id\":\"https:\\\/\\\/grancanariaajedrez.es\\\/#\\\/schema\\\/person\\\/b0d16fd090201dccaa427fbde3f2b13c\"},\"headline\":\"Gran \u00e9xito y alta participaci\u00f3n en la Final de los Juegos de Gran Canaria (Sub-12 a Sub-16)\",\"datePublished\":\"2026-04-21T22:57:31+00:00\",\"dateModified\":\"2026-04-21T22:57:32+00:00\",\"mainEntityOfPage\":{\"@id\":\"https:\\\/\\\/grancanariaajedrez.es\\\/index.php\\\/2026\\\/04\\\/21\\\/gran-exito-y-alta-participacion-en-la-final-de-los-juegos-de-gran-canaria-sub-12-a-sub-16\\\/\"},\"wordCount\":346,\"image\":{\"@id\":\"https:\\\/\\\/grancanariaajedrez.es\\\/index.php\\\/2026\\\/04\\\/21\\\/gran-exito-y-alta-participacion-en-la-final-de-los-juegos-de-gran-canaria-sub-12-a-sub-16\\\/#primaryimage\"},\"thumbnailUrl\":\"https:\\\/\\\/grancanariaajedrez.es\\\/wp-content\\\/uploads\\\/2026\\\/03\\\/Sub-12.png\",\"articleSection\":[\"Portal\"],\"inLanguage\":\"es\"},{\"@type\":\"WebPage\",\"@id\":\"https:\\\/\\\/grancanariaajedrez.es\\\/index.php\\\/2026\\\/04\\\/21\\\/gran-exito-y-alta-participacion-en-la-final-de-los-juegos-de-gran-canaria-sub-12-a-sub-16\\\/\",\"url\":\"https:\\\/\\\/grancanariaajedrez.es\\\/index.php\\\/2026\\\/04\\\/21\\\/gran-exito-y-alta-participacion-en-la-final-de-los-juegos-de-gran-canaria-sub-12-a-sub-16\\\/\",\"name\":\"Gran \u00e9xito y alta participaci\u00f3n en la Final de los Juegos de Gran Canaria (Sub-12 a Sub-16) - Federaci\u00f3n insular de ajedrez de Gran Canaria\",\"isPartOf\":{\"@id\":\"https:\\\/\\\/grancanariaajedrez.es\\\/#website\"},\"primaryImageOfPage\":{\"@id\":\"https:\\\/\\\/grancanariaajedrez.es\\\/index.php\\\/2026\\\/04\\\/21\\\/gran-exito-y-alta-participacion-en-la-final-de-los-juegos-de-gran-canaria-sub-12-a-sub-16\\\/#primaryimage\"},\"image\":{\"@id\":\"https:\\\/\\\/grancanariaajedrez.es\\\/index.php\\\/2026\\\/04\\\/21\\\/gran-exito-y-alta-participacion-en-la-final-de-los-juegos-de-gran-canaria-sub-12-a-sub-16\\\/#primaryimage\"},\"thumbnailUrl\":\"https:\\\/\\\/grancanariaajedrez.es\\\/wp-content\\\/uploads\\\/2026\\\/03\\\/Sub-12.png\",\"datePublished\":\"2026-04-21T22:57:31+00:00\",\"dateModified\":\"2026-04-21T22:57:32+00:00\",\"author\":{\"@id\":\"https:\\\/\\\/grancanariaajedrez.es\\\/#\\\/schema\\\/person\\\/b0d16fd090201dccaa427fbde3f2b13c\"},\"breadcrumb\":{\"@id\":\"https:\\\/\\\/grancanariaajedrez.es\\\/index.php\\\/2026\\\/04\\\/21\\\/gran-exito-y-alta-participacion-en-la-final-de-los-juegos-de-gran-canaria-sub-12-a-sub-16\\\/#breadcrumb\"},\"inLanguage\":\"es\",\"potentialAction\":[{\"@type\":\"ReadAction\",\"target\":[\"https:\\\/\\\/grancanariaajedrez.es\\\/index.php\\\/2026\\\/04\\\/21\\\/gran-exito-y-alta-participacion-en-la-final-de-los-juegos-de-gran-canaria-sub-12-a-sub-16\\\/\"]}]},{\"@type\":\"ImageObject\",\"inLanguage\":\"es\",\"@id\":\"https:\\\/\\\/grancanariaajedrez.es\\\/index.php\\\/2026\\\/04\\\/21\\\/gran-exito-y-alta-participacion-en-la-final-de-los-juegos-de-gran-canaria-sub-12-a-sub-16\\\/#primaryimage\",\"url\":\"https:\\\/\\\/grancanariaajedrez.es\\\/wp-content\\\/uploads\\\/2026\\\/03\\\/Sub-12.png\",\"contentUrl\":\"https:\\\/\\\/grancanariaajedrez.es\\\/wp-content\\\/uploads\\\/2026\\\/03\\\/Sub-12.png\",\"width\":2048,\"height\":2048},{\"@type\":\"BreadcrumbList\",\"@id\":\"https:\\\/\\\/grancanariaajedrez.es\\\/index.php\\\/2026\\\/04\\\/21\\\/gran-exito-y-alta-participacion-en-la-final-de-los-juegos-de-gran-canaria-sub-12-a-sub-16\\\/#breadcrumb\",\"itemListElement\":[{\"@type\":\"ListItem\",\"position\":1,\"name\":\"Portada\",\"item\":\"https:\\\/\\\/grancanariaajedrez.es\\\/\"},{\"@type\":\"ListItem\",\"position\":2,\"name\":\"Gran \u00e9xito y alta participaci\u00f3n en la Final de los Juegos de Gran Canaria (Sub-12 a Sub-16)\"}]},{\"@type\":\"WebSite\",\"@id\":\"https:\\\/\\\/grancanariaajedrez.es\\\/#website\",\"url\":\"https:\\\/\\\/grancanariaajedrez.es\\\/\",\"name\":\"Grancanariaajedrez.es\",\"description\":\"Federaci\u00f3n insular de ajedrez de Gran Canaria\",\"potentialAction\":[{\"@type\":\"SearchAction\",\"target\":{\"@type\":\"EntryPoint\",\"urlTemplate\":\"https:\\\/\\\/grancanariaajedrez.es\\\/?s={search_term_string}\"},\"query-input\":{\"@type\":\"PropertyValueSpecification\",\"valueRequired\":true,\"valueName\":\"search_term_string\"}}],\"inLanguage\":\"es\"},{\"@type\":\"Person\",\"@id\":\"https:\\\/\\\/grancanariaajedrez.es\\\/#\\\/schema\\\/person\\\/b0d16fd090201dccaa427fbde3f2b13c\",\"name\":\"ADMINGCAJEDREZ\",\"image\":{\"@type\":\"ImageObject\",\"inLanguage\":\"es\",\"@id\":\"https:\\\/\\\/secure.gravatar.com\\\/avatar\\\/1758b5530507ae9055bb2356fa3b8ce80bada4e4a30e86add148f90b29c44667?s=96&d=mm&r=g\",\"url\":\"https:\\\/\\\/secure.gravatar.com\\\/avatar\\\/1758b5530507ae9055bb2356fa3b8ce80bada4e4a30e86add148f90b29c44667?s=96&d=mm&r=g\",\"contentUrl\":\"https:\\\/\\\/secure.gravatar.com\\\/avatar\\\/1758b5530507ae9055bb2356fa3b8ce80bada4e4a30e86add148f90b29c44667?s=96&d=mm&r=g\",\"caption\":\"ADMINGCAJEDREZ\"},\"url\":\"https:\\\/\\\/grancanariaajedrez.es\\\/index.php\\\/author\\\/admingcajedrez\\\/\"}]}<\/script>\n<!-- \/ Yoast SEO plugin. -->","yoast_head_json":{"title":"Gran \u00e9xito y alta participaci\u00f3n en la Final de los Juegos de Gran Canaria (Sub-12 a Sub-16) - Federaci\u00f3n insular de ajedrez de Gran Canaria","robots":{"index":"index","follow":"follow","max-snippet":"max-snippet:-1","max-image-preview":"max-image-preview:large","max-video-preview":"max-video-preview:-1"},"canonical":"https:\/\/grancanariaajedrez.es\/index.php\/2026\/04\/21\/gran-exito-y-alta-participacion-en-la-final-de-los-juegos-de-gran-canaria-sub-12-a-sub-16\/","og_locale":"es_ES","og_type":"article","og_title":"Gran \u00e9xito y alta participaci\u00f3n en la Final de los Juegos de Gran Canaria (Sub-12 a Sub-16) - Federaci\u00f3n insular de ajedrez de Gran Canaria","og_description":"El pasado fin de semana del 18 y 19 de abril se disput\u00f3 con gran expectaci\u00f3n la&nbsp;Final de los Juegos de Gran Canaria de Ajedrez, abarcando las categor\u00edas desde Sub-12 hasta Sub-16, en sus modalidades Open y Femenina. El evento ha congregado a las j\u00f3venes promesas del ajedrez de nuestra isla, quienes han demostrado un [&hellip;]","og_url":"https:\/\/grancanariaajedrez.es\/index.php\/2026\/04\/21\/gran-exito-y-alta-participacion-en-la-final-de-los-juegos-de-gran-canaria-sub-12-a-sub-16\/","og_site_name":"Federaci\u00f3n insular de ajedrez de Gran Canaria","article_publisher":"https:\/\/www.facebook.com\/people\/Federacion-Ajedrez-Gran-Canaria\/100057093924634\/","article_published_time":"2026-04-21T22:57:31+00:00","article_modified_time":"2026-04-21T22:57:32+00:00","og_image":[{"width":1024,"height":1024,"url":"https:\/\/grancanariaajedrez.es\/wp-content\/uploads\/2026\/03\/Sub-12-1024x1024.png","type":"image\/png"}],"author":"ADMINGCAJEDREZ","twitter_card":"summary_large_image","twitter_misc":{"Escrito por":"ADMINGCAJEDREZ","Tiempo de lectura":"2 minutos"},"schema":{"@context":"https:\/\/schema.org","@graph":[{"@type":"Article","@id":"https:\/\/grancanariaajedrez.es\/index.php\/2026\/04\/21\/gran-exito-y-alta-participacion-en-la-final-de-los-juegos-de-gran-canaria-sub-12-a-sub-16\/#article","isPartOf":{"@id":"https:\/\/grancanariaajedrez.es\/index.php\/2026\/04\/21\/gran-exito-y-alta-participacion-en-la-final-de-los-juegos-de-gran-canaria-sub-12-a-sub-16\/"},"author":{"name":"ADMINGCAJEDREZ","@id":"https:\/\/grancanariaajedrez.es\/#\/schema\/person\/b0d16fd090201dccaa427fbde3f2b13c"},"headline":"Gran \u00e9xito y alta participaci\u00f3n en la Final de los Juegos de Gran Canaria (Sub-12 a Sub-16)","datePublished":"2026-04-21T22:57:31+00:00","dateModified":"2026-04-21T22:57:32+00:00","mainEntityOfPage":{"@id":"https:\/\/grancanariaajedrez.es\/index.php\/2026\/04\/21\/gran-exito-y-alta-participacion-en-la-final-de-los-juegos-de-gran-canaria-sub-12-a-sub-16\/"},"wordCount":346,"image":{"@id":"https:\/\/grancanariaajedrez.es\/index.php\/2026\/04\/21\/gran-exito-y-alta-participacion-en-la-final-de-los-juegos-de-gran-canaria-sub-12-a-sub-16\/#primaryimage"},"thumbnailUrl":"https:\/\/grancanariaajedrez.es\/wp-content\/uploads\/2026\/03\/Sub-12.png","articleSection":["Portal"],"inLanguage":"es"},{"@type":"WebPage","@id":"https:\/\/grancanariaajedrez.es\/index.php\/2026\/04\/21\/gran-exito-y-alta-participacion-en-la-final-de-los-juegos-de-gran-canaria-sub-12-a-sub-16\/","url":"https:\/\/grancanariaajedrez.es\/index.php\/2026\/04\/21\/gran-exito-y-alta-participacion-en-la-final-de-los-juegos-de-gran-canaria-sub-12-a-sub-16\/","name":"Gran \u00e9xito y alta participaci\u00f3n en la Final de los Juegos de Gran Canaria (Sub-12 a Sub-16) - Federaci\u00f3n insular de ajedrez de Gran Canaria","isPartOf":{"@id":"https:\/\/grancanariaajedrez.es\/#website"},"primaryImageOfPage":{"@id":"https:\/\/grancanariaajedrez.es\/index.php\/2026\/04\/21\/gran-exito-y-alta-participacion-en-la-final-de-los-juegos-de-gran-canaria-sub-12-a-sub-16\/#primaryimage"},"image":{"@id":"https:\/\/grancanariaajedrez.es\/index.php\/2026\/04\/21\/gran-exito-y-alta-participacion-en-la-final-de-los-juegos-de-gran-canaria-sub-12-a-sub-16\/#primaryimage"},"thumbnailUrl":"https:\/\/grancanariaajedrez.es\/wp-content\/uploads\/2026\/03\/Sub-12.png","datePublished":"2026-04-21T22:57:31+00:00","dateModified":"2026-04-21T22:57:32+00:00","author":{"@id":"https:\/\/grancanariaajedrez.es\/#\/schema\/person\/b0d16fd090201dccaa427fbde3f2b13c"},"breadcrumb":{"@id":"https:\/\/grancanariaajedrez.es\/index.php\/2026\/04\/21\/gran-exito-y-alta-participacion-en-la-final-de-los-juegos-de-gran-canaria-sub-12-a-sub-16\/#breadcrumb"},"inLanguage":"es","potentialAction":[{"@type":"ReadAction","target":["https:\/\/grancanariaajedrez.es\/index.php\/2026\/04\/21\/gran-exito-y-alta-participacion-en-la-final-de-los-juegos-de-gran-canaria-sub-12-a-sub-16\/"]}]},{"@type":"ImageObject","inLanguage":"es","@id":"https:\/\/grancanariaajedrez.es\/index.php\/2026\/04\/21\/gran-exito-y-alta-participacion-en-la-final-de-los-juegos-de-gran-canaria-sub-12-a-sub-16\/#primaryimage","url":"https:\/\/grancanariaajedrez.es\/wp-content\/uploads\/2026\/03\/Sub-12.png","contentUrl":"https:\/\/grancanariaajedrez.es\/wp-content\/uploads\/2026\/03\/Sub-12.png","width":2048,"height":2048},{"@type":"BreadcrumbList","@id":"https:\/\/grancanariaajedrez.es\/index.php\/2026\/04\/21\/gran-exito-y-alta-participacion-en-la-final-de-los-juegos-de-gran-canaria-sub-12-a-sub-16\/#breadcrumb","itemListElement":[{"@type":"ListItem","position":1,"name":"Portada","item":"https:\/\/grancanariaajedrez.es\/"},{"@type":"ListItem","position":2,"name":"Gran \u00e9xito y alta participaci\u00f3n en la Final de los Juegos de Gran Canaria (Sub-12 a Sub-16)"}]},{"@type":"WebSite","@id":"https:\/\/grancanariaajedrez.es\/#website","url":"https:\/\/grancanariaajedrez.es\/","name":"Grancanariaajedrez.es","description":"Federaci\u00f3n insular de ajedrez de Gran Canaria","potentialAction":[{"@type":"SearchAction","target":{"@type":"EntryPoint","urlTemplate":"https:\/\/grancanariaajedrez.es\/?s={search_term_string}"},"query-input":{"@type":"PropertyValueSpecification","valueRequired":true,"valueName":"search_term_string"}}],"inLanguage":"es"},{"@type":"Person","@id":"https:\/\/grancanariaajedrez.es\/#\/schema\/person\/b0d16fd090201dccaa427fbde3f2b13c","name":"ADMINGCAJEDREZ","image":{"@type":"ImageObject","inLanguage":"es","@id":"https:\/\/secure.gravatar.com\/avatar\/1758b5530507ae9055bb2356fa3b8ce80bada4e4a30e86add148f90b29c44667?s=96&d=mm&r=g","url":"https:\/\/secure.gravatar.com\/avatar\/1758b5530507ae9055bb2356fa3b8ce80bada4e4a30e86add148f90b29c44667?s=96&d=mm&r=g","contentUrl":"https:\/\/secure.gravatar.com\/avatar\/1758b5530507ae9055bb2356fa3b8ce80bada4e4a30e86add148f90b29c44667?s=96&d=mm&r=g","caption":"ADMINGCAJEDREZ"},"url":"https:\/\/grancanariaajedrez.es\/index.php\/author\/admingcajedrez\/"}]}},"_links":{"self":[{"href":"https:\/\/grancanariaajedrez.es\/index.php\/wp-json\/wp\/v2\/posts\/6649","targetHints":{"allow":["GET"]}}],"collection":[{"href":"https:\/\/grancanariaajedrez.es\/index.php\/wp-json\/wp\/v2\/posts"}],"about":[{"href":"https:\/\/grancanariaajedrez.es\/index.php\/wp-json\/wp\/v2\/types\/post"}],"author":[{"embeddable":true,"href":"https:\/\/grancanariaajedrez.es\/index.php\/wp-json\/wp\/v2\/users\/4"}],"replies":[{"embeddable":true,"href":"https:\/\/grancanariaajedrez.es\/index.php\/wp-json\/wp\/v2\/comments?post=6649"}],"version-history":[{"count":1,"href":"https:\/\/grancanariaajedrez.es\/index.php\/wp-json\/wp\/v2\/posts\/6649\/revisions"}],"predecessor-version":[{"id":6650,"href":"https:\/\/grancanariaajedrez.es\/index.php\/wp-json\/wp\/v2\/posts\/6649\/revisions\/6650"}],"wp:featuredmedia":[{"embeddable":true,"href":"https:\/\/grancanariaajedrez.es\/index.php\/wp-json\/wp\/v2\/media\/6561"}],"wp:attachment":[{"href":"https:\/\/grancanariaajedrez.es\/index.php\/wp-json\/wp\/v2\/media?parent=6649"}],"wp:term":[{"taxonomy":"category","embeddable":true,"href":"https:\/\/grancanariaajedrez.es\/index.php\/wp-json\/wp\/v2\/categories?post=6649"},{"taxonomy":"post_tag","embeddable":true,"href":"https:\/\/grancanariaajedrez.es\/index.php\/wp-json\/wp\/v2\/tags?post=6649"}],"curies":[{"name":"wp","href":"https:\/\/api.w.org\/{rel}","templated":true}]}}