{"id":6437,"date":"2026-01-19T16:52:22","date_gmt":"2026-01-19T16:52:22","guid":{"rendered":"https:\/\/grancanariaajedrez.es\/?p=6437"},"modified":"2026-01-19T16:56:50","modified_gmt":"2026-01-19T16:56:50","slug":"el-campeonato-infantil-define-a-la-seleccion-de-gran-canaria-para-los-juegos-escolares","status":"publish","type":"post","link":"https:\/\/grancanariaajedrez.es\/index.php\/2026\/01\/19\/el-campeonato-infantil-define-a-la-seleccion-de-gran-canaria-para-los-juegos-escolares\/","title":{"rendered":"El Campeonato Infantil define a la Selecci\u00f3n de Gran Canaria para los Juegos Escolares"},"content":{"rendered":"\n<p><strong>Una jornada de alto nivel con 61 participantes corona a Paula D\u00edaz y Rafael Mart\u00ednez como campeones insulares.<\/strong><\/p>\n\n\n\n<p><strong>Gran Canaria, 19 de enero.<\/strong> \u2013 El pasado domingo, 18 de enero, el ajedrez base de la isla vivi\u00f3 una de sus jornadas m\u00e1s emocionantes con la celebraci\u00f3n del <strong>Campeonato Infantil de Gran Canaria<\/strong>. Esta prueba, decisiva para el calendario insular, ha servido para conformar la Selecci\u00f3n que representar\u00e1 a Gran Canaria en los pr\u00f3ximos Juegos Escolares de la Direcci\u00f3n General de Deportes (DGD).<\/p>\n\n\n\n<p>El evento congreg\u00f3 a un total de <strong>61 jugadores y jugadoras<\/strong>, quienes disputaron el torneo en un excelente ambiente deportivo. La competici\u00f3n se extendi\u00f3 durante aproximadamente siete horas, un reflejo de la dureza del torneo y del alto nivel de preparaci\u00f3n y competitividad demostrado por las j\u00f3venes promesas del ajedrez grancanario.<\/p>\n\n\n\n<h3 class=\"wp-block-heading\">Cuadro de Honor: Los nuevos representantes insulares<\/h3>\n\n\n\n<p>Tras una intensa jornada, el podio qued\u00f3 definido de la siguiente manera, otorgando las plazas para la Selecci\u00f3n Infantil de Gran Canaria:<\/p>\n\n\n\n<p><strong>Categor\u00eda Infantil Femenina<\/strong><\/p>\n\n\n\n<ul class=\"wp-block-list\">\n<li>\ud83e\udd47 <strong>Campeona:<\/strong> Paula D\u00edaz Ram\u00edrez <em>(Club Ajedrez Academy)<\/em><\/li>\n\n\n\n<li>\ud83e\udd48 <strong>Subcampeona:<\/strong> Mara Mohamed Gonz\u00e1lez <em>(Club Ajedrez La Caja de Vecindario)<\/em><\/li>\n\n\n\n<li>\ud83e\udd49 <strong>Tercera clasificada:<\/strong> Alba S\u00e1nchez Castro <em>(Club Ajedrez Telde Los Llanos)<\/em><\/li>\n<\/ul>\n\n\n\n<p><strong>Categor\u00eda Infantil Masculina<\/strong><\/p>\n\n\n\n<ul class=\"wp-block-list\">\n<li>\ud83e\udd47 <strong>Campe\u00f3n:<\/strong> Rafael Mart\u00ednez Correa <em>(Fundaci\u00f3n La Caja)<\/em><\/li>\n\n\n\n<li>\ud83e\udd48 <strong>Subcampe\u00f3n:<\/strong> Diego S\u00e1nchez Gonz\u00e1lez <em>(Club Ajedrez San Mateo)<\/em><\/li>\n\n\n\n<li>\ud83e\udd49 <strong>Tercer clasificado:<\/strong> Samuel Morell Rojas <em>(Fundaci\u00f3n La Caja)<\/em><\/li>\n<\/ul>\n\n\n\n<h3 class=\"wp-block-heading\">Agradecimientos y Organizaci\u00f3n<\/h3>\n\n\n\n<p>Desde la <strong>Federaci\u00f3n Insular de Ajedrez de Gran Canaria (FIAGC)<\/strong>, queremos extender un sincero agradecimiento a los padres y madres de los participantes por su apoyo incondicional, fundamental para el desarrollo de este deporte.<\/p>\n\n\n\n<p>Asimismo, destacamos la impecable labor del <strong>Club Ajedrez La Caja de Vecindario<\/strong> en la organizaci\u00f3n del evento, as\u00ed como la profesionalidad del \u00c1rbitro Nacional <strong>Jos\u00e9 Manuel Pujales Llanos<\/strong>, quienes garantizaron el correcto desarrollo de la competici\u00f3n.<\/p>\n\n\n\n<h3 class=\"wp-block-heading\">Pr\u00f3ximos pasos<\/h3>\n\n\n\n<p>La FIAGC se pondr\u00e1 en contacto pr\u00f3ximamente con los clubes de los ni\u00f1os y ni\u00f1as seleccionados. El objetivo ser\u00e1 informar detalladamente a las familias sobre la log\u00edstica y preparaci\u00f3n para su participaci\u00f3n representando a Gran Canaria en los Juegos de la DGD.<\/p>\n\n\n\n<p><strong>Consulta de resultados<\/strong> Para ver la clasificaci\u00f3n completa, emparejamientos y estad\u00edsticas detalladas del torneo, pueden acceder al siguiente enlace: \ud83d\udd17 <a href=\"https:\/\/s3.chess-results.com\/tnr1331936.aspx?lan=2&amp;art=0&amp;turdet=YES&amp;SNode=S0\" target=\"_blank\" rel=\"noreferrer noopener\">Chess-Results Server \u2013 Campeonato Insular Infantil. Clasificatorio DGD 2026<\/a><\/p>\n\n\n\n<figure class=\"wp-block-image size-large\"><img fetchpriority=\"high\" decoding=\"async\" width=\"1024\" height=\"576\" src=\"https:\/\/grancanariaajedrez.es\/wp-content\/uploads\/2026\/01\/fotogrupo2-1024x576.jpeg\" alt=\"\" class=\"wp-image-6440\" srcset=\"https:\/\/grancanariaajedrez.es\/wp-content\/uploads\/2026\/01\/fotogrupo2-1024x576.jpeg 1024w, https:\/\/grancanariaajedrez.es\/wp-content\/uploads\/2026\/01\/fotogrupo2-300x169.jpeg 300w, https:\/\/grancanariaajedrez.es\/wp-content\/uploads\/2026\/01\/fotogrupo2-768x432.jpeg 768w, https:\/\/grancanariaajedrez.es\/wp-content\/uploads\/2026\/01\/fotogrupo2-1536x864.jpeg 1536w, https:\/\/grancanariaajedrez.es\/wp-content\/uploads\/2026\/01\/fotogrupo2-2048x1152.jpeg 2048w\" sizes=\"(max-width: 1024px) 100vw, 1024px\" \/><\/figure>\n\n\n\n<figure class=\"wp-block-image size-large\"><img decoding=\"async\" width=\"1024\" height=\"576\" src=\"https:\/\/grancanariaajedrez.es\/wp-content\/uploads\/2026\/01\/fotogrupo1-1024x576.jpeg\" alt=\"\" class=\"wp-image-6441\" srcset=\"https:\/\/grancanariaajedrez.es\/wp-content\/uploads\/2026\/01\/fotogrupo1-1024x576.jpeg 1024w, https:\/\/grancanariaajedrez.es\/wp-content\/uploads\/2026\/01\/fotogrupo1-300x169.jpeg 300w, https:\/\/grancanariaajedrez.es\/wp-content\/uploads\/2026\/01\/fotogrupo1-768x432.jpeg 768w, https:\/\/grancanariaajedrez.es\/wp-content\/uploads\/2026\/01\/fotogrupo1-1536x864.jpeg 1536w, https:\/\/grancanariaajedrez.es\/wp-content\/uploads\/2026\/01\/fotogrupo1-2048x1152.jpeg 2048w\" sizes=\"(max-width: 1024px) 100vw, 1024px\" \/><\/figure>\n","protected":false},"excerpt":{"rendered":"<p>Una jornada de alto nivel con 61 participantes corona a Paula D\u00edaz y Rafael Mart\u00ednez como campeones insulares. Gran Canaria, 19 de enero. \u2013 El pasado domingo, 18 de enero, el ajedrez base de la isla vivi\u00f3 una de sus jornadas m\u00e1s emocionantes con la celebraci\u00f3n del Campeonato Infantil de Gran Canaria. Esta prueba, decisiva [&hellip;]<\/p>\n","protected":false},"author":4,"featured_media":0,"comment_status":"closed","ping_status":"open","sticky":false,"template":"","format":"standard","meta":{"ngg_post_thumbnail":0,"footnotes":""},"categories":[21],"tags":[],"class_list":["post-6437","post","type-post","status-publish","format-standard","hentry","category-campeonatos"],"yoast_head":"<!-- This site is optimized with the Yoast SEO plugin v27.4 - https:\/\/yoast.com\/product\/yoast-seo-wordpress\/ -->\n<title>El Campeonato Infantil define a la Selecci\u00f3n de Gran Canaria para los Juegos Escolares - Federaci\u00f3n insular de ajedrez de Gran Canaria<\/title>\n<meta name=\"robots\" content=\"index, follow, max-snippet:-1, max-image-preview:large, max-video-preview:-1\" \/>\n<link rel=\"canonical\" href=\"https:\/\/grancanariaajedrez.es\/index.php\/2026\/01\/19\/el-campeonato-infantil-define-a-la-seleccion-de-gran-canaria-para-los-juegos-escolares\/\" \/>\n<meta property=\"og:locale\" content=\"es_ES\" \/>\n<meta property=\"og:type\" content=\"article\" \/>\n<meta property=\"og:title\" content=\"El Campeonato Infantil define a la Selecci\u00f3n de Gran Canaria para los Juegos Escolares - Federaci\u00f3n insular de ajedrez de Gran Canaria\" \/>\n<meta property=\"og:description\" content=\"Una jornada de alto nivel con 61 participantes corona a Paula D\u00edaz y Rafael Mart\u00ednez como campeones insulares. Gran Canaria, 19 de enero. \u2013 El pasado domingo, 18 de enero, el ajedrez base de la isla vivi\u00f3 una de sus jornadas m\u00e1s emocionantes con la celebraci\u00f3n del Campeonato Infantil de Gran Canaria. Esta prueba, decisiva [&hellip;]\" \/>\n<meta property=\"og:url\" content=\"https:\/\/grancanariaajedrez.es\/index.php\/2026\/01\/19\/el-campeonato-infantil-define-a-la-seleccion-de-gran-canaria-para-los-juegos-escolares\/\" \/>\n<meta property=\"og:site_name\" content=\"Federaci\u00f3n insular de ajedrez de Gran Canaria\" \/>\n<meta property=\"article:publisher\" content=\"https:\/\/www.facebook.com\/people\/Federacion-Ajedrez-Gran-Canaria\/100057093924634\/\" \/>\n<meta property=\"article:published_time\" content=\"2026-01-19T16:52:22+00:00\" \/>\n<meta property=\"article:modified_time\" content=\"2026-01-19T16:56:50+00:00\" \/>\n<meta property=\"og:image\" content=\"https:\/\/grancanariaajedrez.es\/wp-content\/uploads\/2026\/01\/fotogrupo2-scaled.jpeg\" \/>\n\t<meta property=\"og:image:width\" content=\"2560\" \/>\n\t<meta property=\"og:image:height\" content=\"1440\" \/>\n\t<meta property=\"og:image:type\" content=\"image\/jpeg\" \/>\n<meta name=\"author\" content=\"ADMINGCAJEDREZ\" \/>\n<meta name=\"twitter:card\" content=\"summary_large_image\" \/>\n<meta name=\"twitter:label1\" content=\"Escrito por\" \/>\n\t<meta name=\"twitter:data1\" content=\"ADMINGCAJEDREZ\" \/>\n\t<meta name=\"twitter:label2\" content=\"Tiempo de lectura\" \/>\n\t<meta name=\"twitter:data2\" content=\"3 minutos\" \/>\n<script type=\"application\/ld+json\" class=\"yoast-schema-graph\">{\"@context\":\"https:\\\/\\\/schema.org\",\"@graph\":[{\"@type\":\"Article\",\"@id\":\"https:\\\/\\\/grancanariaajedrez.es\\\/index.php\\\/2026\\\/01\\\/19\\\/el-campeonato-infantil-define-a-la-seleccion-de-gran-canaria-para-los-juegos-escolares\\\/#article\",\"isPartOf\":{\"@id\":\"https:\\\/\\\/grancanariaajedrez.es\\\/index.php\\\/2026\\\/01\\\/19\\\/el-campeonato-infantil-define-a-la-seleccion-de-gran-canaria-para-los-juegos-escolares\\\/\"},\"author\":{\"name\":\"ADMINGCAJEDREZ\",\"@id\":\"https:\\\/\\\/grancanariaajedrez.es\\\/#\\\/schema\\\/person\\\/b0d16fd090201dccaa427fbde3f2b13c\"},\"headline\":\"El Campeonato Infantil define a la Selecci\u00f3n de Gran Canaria para los Juegos Escolares\",\"datePublished\":\"2026-01-19T16:52:22+00:00\",\"dateModified\":\"2026-01-19T16:56:50+00:00\",\"mainEntityOfPage\":{\"@id\":\"https:\\\/\\\/grancanariaajedrez.es\\\/index.php\\\/2026\\\/01\\\/19\\\/el-campeonato-infantil-define-a-la-seleccion-de-gran-canaria-para-los-juegos-escolares\\\/\"},\"wordCount\":408,\"image\":{\"@id\":\"https:\\\/\\\/grancanariaajedrez.es\\\/index.php\\\/2026\\\/01\\\/19\\\/el-campeonato-infantil-define-a-la-seleccion-de-gran-canaria-para-los-juegos-escolares\\\/#primaryimage\"},\"thumbnailUrl\":\"https:\\\/\\\/grancanariaajedrez.es\\\/wp-content\\\/uploads\\\/2026\\\/01\\\/fotogrupo2-1024x576.jpeg\",\"articleSection\":[\"Campeonatos\"],\"inLanguage\":\"es\"},{\"@type\":\"WebPage\",\"@id\":\"https:\\\/\\\/grancanariaajedrez.es\\\/index.php\\\/2026\\\/01\\\/19\\\/el-campeonato-infantil-define-a-la-seleccion-de-gran-canaria-para-los-juegos-escolares\\\/\",\"url\":\"https:\\\/\\\/grancanariaajedrez.es\\\/index.php\\\/2026\\\/01\\\/19\\\/el-campeonato-infantil-define-a-la-seleccion-de-gran-canaria-para-los-juegos-escolares\\\/\",\"name\":\"El Campeonato Infantil define a la Selecci\u00f3n de Gran Canaria para los Juegos Escolares - Federaci\u00f3n insular de ajedrez de Gran Canaria\",\"isPartOf\":{\"@id\":\"https:\\\/\\\/grancanariaajedrez.es\\\/#website\"},\"primaryImageOfPage\":{\"@id\":\"https:\\\/\\\/grancanariaajedrez.es\\\/index.php\\\/2026\\\/01\\\/19\\\/el-campeonato-infantil-define-a-la-seleccion-de-gran-canaria-para-los-juegos-escolares\\\/#primaryimage\"},\"image\":{\"@id\":\"https:\\\/\\\/grancanariaajedrez.es\\\/index.php\\\/2026\\\/01\\\/19\\\/el-campeonato-infantil-define-a-la-seleccion-de-gran-canaria-para-los-juegos-escolares\\\/#primaryimage\"},\"thumbnailUrl\":\"https:\\\/\\\/grancanariaajedrez.es\\\/wp-content\\\/uploads\\\/2026\\\/01\\\/fotogrupo2-1024x576.jpeg\",\"datePublished\":\"2026-01-19T16:52:22+00:00\",\"dateModified\":\"2026-01-19T16:56:50+00:00\",\"author\":{\"@id\":\"https:\\\/\\\/grancanariaajedrez.es\\\/#\\\/schema\\\/person\\\/b0d16fd090201dccaa427fbde3f2b13c\"},\"breadcrumb\":{\"@id\":\"https:\\\/\\\/grancanariaajedrez.es\\\/index.php\\\/2026\\\/01\\\/19\\\/el-campeonato-infantil-define-a-la-seleccion-de-gran-canaria-para-los-juegos-escolares\\\/#breadcrumb\"},\"inLanguage\":\"es\",\"potentialAction\":[{\"@type\":\"ReadAction\",\"target\":[\"https:\\\/\\\/grancanariaajedrez.es\\\/index.php\\\/2026\\\/01\\\/19\\\/el-campeonato-infantil-define-a-la-seleccion-de-gran-canaria-para-los-juegos-escolares\\\/\"]}]},{\"@type\":\"ImageObject\",\"inLanguage\":\"es\",\"@id\":\"https:\\\/\\\/grancanariaajedrez.es\\\/index.php\\\/2026\\\/01\\\/19\\\/el-campeonato-infantil-define-a-la-seleccion-de-gran-canaria-para-los-juegos-escolares\\\/#primaryimage\",\"url\":\"https:\\\/\\\/grancanariaajedrez.es\\\/wp-content\\\/uploads\\\/2026\\\/01\\\/fotogrupo2-scaled.jpeg\",\"contentUrl\":\"https:\\\/\\\/grancanariaajedrez.es\\\/wp-content\\\/uploads\\\/2026\\\/01\\\/fotogrupo2-scaled.jpeg\",\"width\":2560,\"height\":1440},{\"@type\":\"BreadcrumbList\",\"@id\":\"https:\\\/\\\/grancanariaajedrez.es\\\/index.php\\\/2026\\\/01\\\/19\\\/el-campeonato-infantil-define-a-la-seleccion-de-gran-canaria-para-los-juegos-escolares\\\/#breadcrumb\",\"itemListElement\":[{\"@type\":\"ListItem\",\"position\":1,\"name\":\"Portada\",\"item\":\"https:\\\/\\\/grancanariaajedrez.es\\\/\"},{\"@type\":\"ListItem\",\"position\":2,\"name\":\"El Campeonato Infantil define a la Selecci\u00f3n de Gran Canaria para los Juegos Escolares\"}]},{\"@type\":\"WebSite\",\"@id\":\"https:\\\/\\\/grancanariaajedrez.es\\\/#website\",\"url\":\"https:\\\/\\\/grancanariaajedrez.es\\\/\",\"name\":\"Grancanariaajedrez.es\",\"description\":\"Federaci\u00f3n insular de ajedrez de Gran Canaria\",\"potentialAction\":[{\"@type\":\"SearchAction\",\"target\":{\"@type\":\"EntryPoint\",\"urlTemplate\":\"https:\\\/\\\/grancanariaajedrez.es\\\/?s={search_term_string}\"},\"query-input\":{\"@type\":\"PropertyValueSpecification\",\"valueRequired\":true,\"valueName\":\"search_term_string\"}}],\"inLanguage\":\"es\"},{\"@type\":\"Person\",\"@id\":\"https:\\\/\\\/grancanariaajedrez.es\\\/#\\\/schema\\\/person\\\/b0d16fd090201dccaa427fbde3f2b13c\",\"name\":\"ADMINGCAJEDREZ\",\"image\":{\"@type\":\"ImageObject\",\"inLanguage\":\"es\",\"@id\":\"https:\\\/\\\/secure.gravatar.com\\\/avatar\\\/1758b5530507ae9055bb2356fa3b8ce80bada4e4a30e86add148f90b29c44667?s=96&d=mm&r=g\",\"url\":\"https:\\\/\\\/secure.gravatar.com\\\/avatar\\\/1758b5530507ae9055bb2356fa3b8ce80bada4e4a30e86add148f90b29c44667?s=96&d=mm&r=g\",\"contentUrl\":\"https:\\\/\\\/secure.gravatar.com\\\/avatar\\\/1758b5530507ae9055bb2356fa3b8ce80bada4e4a30e86add148f90b29c44667?s=96&d=mm&r=g\",\"caption\":\"ADMINGCAJEDREZ\"},\"url\":\"https:\\\/\\\/grancanariaajedrez.es\\\/index.php\\\/author\\\/admingcajedrez\\\/\"}]}<\/script>\n<!-- \/ Yoast SEO plugin. -->","yoast_head_json":{"title":"El Campeonato Infantil define a la Selecci\u00f3n de Gran Canaria para los Juegos Escolares - Federaci\u00f3n insular de ajedrez de Gran Canaria","robots":{"index":"index","follow":"follow","max-snippet":"max-snippet:-1","max-image-preview":"max-image-preview:large","max-video-preview":"max-video-preview:-1"},"canonical":"https:\/\/grancanariaajedrez.es\/index.php\/2026\/01\/19\/el-campeonato-infantil-define-a-la-seleccion-de-gran-canaria-para-los-juegos-escolares\/","og_locale":"es_ES","og_type":"article","og_title":"El Campeonato Infantil define a la Selecci\u00f3n de Gran Canaria para los Juegos Escolares - Federaci\u00f3n insular de ajedrez de Gran Canaria","og_description":"Una jornada de alto nivel con 61 participantes corona a Paula D\u00edaz y Rafael Mart\u00ednez como campeones insulares. Gran Canaria, 19 de enero. \u2013 El pasado domingo, 18 de enero, el ajedrez base de la isla vivi\u00f3 una de sus jornadas m\u00e1s emocionantes con la celebraci\u00f3n del Campeonato Infantil de Gran Canaria. Esta prueba, decisiva [&hellip;]","og_url":"https:\/\/grancanariaajedrez.es\/index.php\/2026\/01\/19\/el-campeonato-infantil-define-a-la-seleccion-de-gran-canaria-para-los-juegos-escolares\/","og_site_name":"Federaci\u00f3n insular de ajedrez de Gran Canaria","article_publisher":"https:\/\/www.facebook.com\/people\/Federacion-Ajedrez-Gran-Canaria\/100057093924634\/","article_published_time":"2026-01-19T16:52:22+00:00","article_modified_time":"2026-01-19T16:56:50+00:00","og_image":[{"width":2560,"height":1440,"url":"https:\/\/grancanariaajedrez.es\/wp-content\/uploads\/2026\/01\/fotogrupo2-scaled.jpeg","type":"image\/jpeg"}],"author":"ADMINGCAJEDREZ","twitter_card":"summary_large_image","twitter_misc":{"Escrito por":"ADMINGCAJEDREZ","Tiempo de lectura":"3 minutos"},"schema":{"@context":"https:\/\/schema.org","@graph":[{"@type":"Article","@id":"https:\/\/grancanariaajedrez.es\/index.php\/2026\/01\/19\/el-campeonato-infantil-define-a-la-seleccion-de-gran-canaria-para-los-juegos-escolares\/#article","isPartOf":{"@id":"https:\/\/grancanariaajedrez.es\/index.php\/2026\/01\/19\/el-campeonato-infantil-define-a-la-seleccion-de-gran-canaria-para-los-juegos-escolares\/"},"author":{"name":"ADMINGCAJEDREZ","@id":"https:\/\/grancanariaajedrez.es\/#\/schema\/person\/b0d16fd090201dccaa427fbde3f2b13c"},"headline":"El Campeonato Infantil define a la Selecci\u00f3n de Gran Canaria para los Juegos Escolares","datePublished":"2026-01-19T16:52:22+00:00","dateModified":"2026-01-19T16:56:50+00:00","mainEntityOfPage":{"@id":"https:\/\/grancanariaajedrez.es\/index.php\/2026\/01\/19\/el-campeonato-infantil-define-a-la-seleccion-de-gran-canaria-para-los-juegos-escolares\/"},"wordCount":408,"image":{"@id":"https:\/\/grancanariaajedrez.es\/index.php\/2026\/01\/19\/el-campeonato-infantil-define-a-la-seleccion-de-gran-canaria-para-los-juegos-escolares\/#primaryimage"},"thumbnailUrl":"https:\/\/grancanariaajedrez.es\/wp-content\/uploads\/2026\/01\/fotogrupo2-1024x576.jpeg","articleSection":["Campeonatos"],"inLanguage":"es"},{"@type":"WebPage","@id":"https:\/\/grancanariaajedrez.es\/index.php\/2026\/01\/19\/el-campeonato-infantil-define-a-la-seleccion-de-gran-canaria-para-los-juegos-escolares\/","url":"https:\/\/grancanariaajedrez.es\/index.php\/2026\/01\/19\/el-campeonato-infantil-define-a-la-seleccion-de-gran-canaria-para-los-juegos-escolares\/","name":"El Campeonato Infantil define a la Selecci\u00f3n de Gran Canaria para los Juegos Escolares - Federaci\u00f3n insular de ajedrez de Gran Canaria","isPartOf":{"@id":"https:\/\/grancanariaajedrez.es\/#website"},"primaryImageOfPage":{"@id":"https:\/\/grancanariaajedrez.es\/index.php\/2026\/01\/19\/el-campeonato-infantil-define-a-la-seleccion-de-gran-canaria-para-los-juegos-escolares\/#primaryimage"},"image":{"@id":"https:\/\/grancanariaajedrez.es\/index.php\/2026\/01\/19\/el-campeonato-infantil-define-a-la-seleccion-de-gran-canaria-para-los-juegos-escolares\/#primaryimage"},"thumbnailUrl":"https:\/\/grancanariaajedrez.es\/wp-content\/uploads\/2026\/01\/fotogrupo2-1024x576.jpeg","datePublished":"2026-01-19T16:52:22+00:00","dateModified":"2026-01-19T16:56:50+00:00","author":{"@id":"https:\/\/grancanariaajedrez.es\/#\/schema\/person\/b0d16fd090201dccaa427fbde3f2b13c"},"breadcrumb":{"@id":"https:\/\/grancanariaajedrez.es\/index.php\/2026\/01\/19\/el-campeonato-infantil-define-a-la-seleccion-de-gran-canaria-para-los-juegos-escolares\/#breadcrumb"},"inLanguage":"es","potentialAction":[{"@type":"ReadAction","target":["https:\/\/grancanariaajedrez.es\/index.php\/2026\/01\/19\/el-campeonato-infantil-define-a-la-seleccion-de-gran-canaria-para-los-juegos-escolares\/"]}]},{"@type":"ImageObject","inLanguage":"es","@id":"https:\/\/grancanariaajedrez.es\/index.php\/2026\/01\/19\/el-campeonato-infantil-define-a-la-seleccion-de-gran-canaria-para-los-juegos-escolares\/#primaryimage","url":"https:\/\/grancanariaajedrez.es\/wp-content\/uploads\/2026\/01\/fotogrupo2-scaled.jpeg","contentUrl":"https:\/\/grancanariaajedrez.es\/wp-content\/uploads\/2026\/01\/fotogrupo2-scaled.jpeg","width":2560,"height":1440},{"@type":"BreadcrumbList","@id":"https:\/\/grancanariaajedrez.es\/index.php\/2026\/01\/19\/el-campeonato-infantil-define-a-la-seleccion-de-gran-canaria-para-los-juegos-escolares\/#breadcrumb","itemListElement":[{"@type":"ListItem","position":1,"name":"Portada","item":"https:\/\/grancanariaajedrez.es\/"},{"@type":"ListItem","position":2,"name":"El Campeonato Infantil define a la Selecci\u00f3n de Gran Canaria para los Juegos Escolares"}]},{"@type":"WebSite","@id":"https:\/\/grancanariaajedrez.es\/#website","url":"https:\/\/grancanariaajedrez.es\/","name":"Grancanariaajedrez.es","description":"Federaci\u00f3n insular de ajedrez de Gran Canaria","potentialAction":[{"@type":"SearchAction","target":{"@type":"EntryPoint","urlTemplate":"https:\/\/grancanariaajedrez.es\/?s={search_term_string}"},"query-input":{"@type":"PropertyValueSpecification","valueRequired":true,"valueName":"search_term_string"}}],"inLanguage":"es"},{"@type":"Person","@id":"https:\/\/grancanariaajedrez.es\/#\/schema\/person\/b0d16fd090201dccaa427fbde3f2b13c","name":"ADMINGCAJEDREZ","image":{"@type":"ImageObject","inLanguage":"es","@id":"https:\/\/secure.gravatar.com\/avatar\/1758b5530507ae9055bb2356fa3b8ce80bada4e4a30e86add148f90b29c44667?s=96&d=mm&r=g","url":"https:\/\/secure.gravatar.com\/avatar\/1758b5530507ae9055bb2356fa3b8ce80bada4e4a30e86add148f90b29c44667?s=96&d=mm&r=g","contentUrl":"https:\/\/secure.gravatar.com\/avatar\/1758b5530507ae9055bb2356fa3b8ce80bada4e4a30e86add148f90b29c44667?s=96&d=mm&r=g","caption":"ADMINGCAJEDREZ"},"url":"https:\/\/grancanariaajedrez.es\/index.php\/author\/admingcajedrez\/"}]}},"_links":{"self":[{"href":"https:\/\/grancanariaajedrez.es\/index.php\/wp-json\/wp\/v2\/posts\/6437","targetHints":{"allow":["GET"]}}],"collection":[{"href":"https:\/\/grancanariaajedrez.es\/index.php\/wp-json\/wp\/v2\/posts"}],"about":[{"href":"https:\/\/grancanariaajedrez.es\/index.php\/wp-json\/wp\/v2\/types\/post"}],"author":[{"embeddable":true,"href":"https:\/\/grancanariaajedrez.es\/index.php\/wp-json\/wp\/v2\/users\/4"}],"replies":[{"embeddable":true,"href":"https:\/\/grancanariaajedrez.es\/index.php\/wp-json\/wp\/v2\/comments?post=6437"}],"version-history":[{"count":3,"href":"https:\/\/grancanariaajedrez.es\/index.php\/wp-json\/wp\/v2\/posts\/6437\/revisions"}],"predecessor-version":[{"id":6443,"href":"https:\/\/grancanariaajedrez.es\/index.php\/wp-json\/wp\/v2\/posts\/6437\/revisions\/6443"}],"wp:attachment":[{"href":"https:\/\/grancanariaajedrez.es\/index.php\/wp-json\/wp\/v2\/media?parent=6437"}],"wp:term":[{"taxonomy":"category","embeddable":true,"href":"https:\/\/grancanariaajedrez.es\/index.php\/wp-json\/wp\/v2\/categories?post=6437"},{"taxonomy":"post_tag","embeddable":true,"href":"https:\/\/grancanariaajedrez.es\/index.php\/wp-json\/wp\/v2\/tags?post=6437"}],"curies":[{"name":"wp","href":"https:\/\/api.w.org\/{rel}","templated":true}]}}