{"id":4196,"date":"2024-12-06T11:37:20","date_gmt":"2024-12-06T11:37:20","guid":{"rendered":"https:\/\/grancanariaajedrez.es\/?p=4196"},"modified":"2025-01-05T00:24:50","modified_gmt":"2025-01-05T00:24:50","slug":"nuevo-calendario-2025","status":"publish","type":"post","link":"https:\/\/grancanariaajedrez.es\/index.php\/2024\/12\/06\/nuevo-calendario-2025\/","title":{"rendered":"NUEVO CALENDARIO 2025"},"content":{"rendered":"\n<div class=\"wp-block-group has-medium-font-size is-layout-constrained wp-block-group-is-layout-constrained\">\n<p>La Federaci\u00f3n Insular de Ajedrez de Gran Canaria ha dado a conocer el calendario de competiciones para el a\u00f1o 2025. A continuaci\u00f3n, destacamos los eventos m\u00e1s relevantes y un resumen de las normas de competici\u00f3n, que podr\u00e1n consultarse en su totalidad en la secci\u00f3n de Documentaci\u00f3n de nuestra p\u00e1gina web , <a href=\"https:\/\/grancanariaajedrez.es\/index.php\/documentacion\/\">https:\/\/grancanariaajedrez.es\/index.php\/documentacion\/<\/a>.<\/p>\n\n\n\n<p>Este nuevo calendario incluye una variedad de torneos y campeonatos, dise\u00f1ados para fomentar la participaci\u00f3n y el desarrollo del ajedrez en la isla. Los clubes interesados deben estar atentos a las fechas importantes y a los requisitos de inscripci\u00f3n, que se detallan a continuaci\u00f3n. Para m\u00e1s informaci\u00f3n sobre las normas que regir\u00e1n las competiciones, invitamos a todos los participantes a revisar el documento completo disponible en nuestra web.<\/p>\n\n\n\n<h1 class=\"wp-block-heading\">&nbsp;Campeonato Insular por Equipos<\/h1>\n\n\n\n<p>&#8211; Preferente: 10 fechas, del 11 de enero al 10 de mayo<\/p>\n\n\n\n<p>&#8211; Primera: 11 fechas, del 11 de enero al 10 de mayo<\/p>\n\n\n\n<p>&#8211; Segunda: 9 fechas, del 11 de enero al 10 de mayo<\/p>\n\n\n\n<p>&#8211; Tercera (Grupos Sub8-10 y sub12-16): 7 fechas, del 25 de enero al 26 de abril<\/p>\n\n\n\n<h1 class=\"wp-block-heading\">&nbsp;Campeonatos Individuales<\/h1>\n\n\n\n<p>&#8211; Absoluto: 7 rondas, del 12 al 26 de febrero<\/p>\n\n\n\n<p>&#8211; Juvenil (SUB-18): 7 rondas, del 26 de marzo al 9 de abril<\/p>\n\n\n\n<p>&#8211; Veterano: 7 rondas, del 26 de marzo al 9 de abril<\/p>\n\n\n\n<p>&#8211; Infantil DGD: 12 y 19 de enero<\/p>\n\n\n\n<p>&#8211; Cadete DGD: 26 de enero y 2 de febrero<\/p>\n\n\n\n<h1 class=\"wp-block-heading\">&nbsp;Eventos Destacados<\/h1>\n\n\n\n<p>&#8211; XVII Festival Memorial Pedro Lezcano Montalvo: 12 al 20 de abril<\/p>\n\n\n\n<p>&#8211; Campeonatos por Edades (SUB-8 a SUB-16): Clasificatorios en febrero y finales en marzo y abril<\/p>\n\n\n\n<h1 class=\"wp-block-heading\">Normas de Competici\u00f3n<\/h1>\n\n\n\n<p>&nbsp;Disposiciones Generales<\/p>\n\n\n\n<p>&#8211; Las normas se aplican a todas las competiciones organizadas por la FIAGC<\/p>\n\n\n\n<p>&#8211; Se rigen por reglamentaciones de FCA, FEDA y FIDE en lo no especificado<\/p>\n\n\n\n<p>&#8211; El desconocimiento de las normas no exime de su cumplimiento<\/p>\n\n\n\n<h1 class=\"wp-block-heading\">Competiciones por Equipos<\/h1>\n\n\n\n<p>&#8211; Liga Insular de Equipos: Categor\u00edas Preferente, Primera, Segunda y Tercera (Sub8-16)<\/p>\n\n\n\n<p>&#8211; Preferente: 8 equipos, 6 tableros, liga a una vuelta con fase final<\/p>\n\n\n\n<p>&#8211; Primera: 12 equipos, 6 tableros, liga a una vuelta<\/p>\n\n\n\n<p>&#8211; Segunda: Dos grupos de 10 equipos, 4 tableros, liga a una vuelta<\/p>\n\n\n\n<p>&#8211; Tercera (Sub8-16): Grupos sub-8-10 y sub-12-16, 4 tableros, sin ascenso<\/p>\n\n\n\n<h1 class=\"wp-block-heading\">Competiciones Individuales<\/h1>\n\n\n\n<p>&#8211; Incluyen campeonatos Absoluto, Femenino, Veterano, Juvenil, Infantil, Cadete y por edades<\/p>\n\n\n\n<p>&#8211; Las bases se publicar\u00e1n en la web de la FIAGC<\/p>\n\n\n\n<h1 class=\"wp-block-heading\">Participaci\u00f3n e Inscripci\u00f3n<\/h1>\n\n\n\n<p>&#8211; Licencias federativas obligatorias y en vigor<\/p>\n\n\n\n<p>&#8211; Equipos deben estar al corriente de pagos federativos<\/p>\n\n\n\n<p>&#8211; Inscripciones y pagos se realizan al inicio de la temporada<\/p>\n\n\n\n<h1 class=\"wp-block-heading\">Sanciones y Descensos<\/h1>\n\n\n\n<p>&#8211; Dos incomparecencias suponen descalificaci\u00f3n<\/p>\n\n\n\n<p>&#8211; Descensos por sanci\u00f3n limitan la participaci\u00f3n en la siguiente temporada<\/p>\n\n\n\n<p>Estas normas buscan garantizar una competici\u00f3n justa y organizada para todos los participantes<\/p>\n\n\n<figure class=\"wp-block-post-featured-image\"><img fetchpriority=\"high\" decoding=\"async\" width=\"1226\" height=\"720\" src=\"https:\/\/grancanariaajedrez.es\/wp-content\/uploads\/2024\/01\/BanderaFederacion.png\" class=\"attachment-post-thumbnail size-post-thumbnail wp-post-image\" alt=\"\" style=\"object-fit:cover;\" srcset=\"https:\/\/grancanariaajedrez.es\/wp-content\/uploads\/2024\/01\/BanderaFederacion.png 1226w, https:\/\/grancanariaajedrez.es\/wp-content\/uploads\/2024\/01\/BanderaFederacion-300x176.png 300w, https:\/\/grancanariaajedrez.es\/wp-content\/uploads\/2024\/01\/BanderaFederacion-1024x601.png 1024w, https:\/\/grancanariaajedrez.es\/wp-content\/uploads\/2024\/01\/BanderaFederacion-768x451.png 768w\" sizes=\"(max-width: 1226px) 100vw, 1226px\" \/><\/figure><\/div>\n","protected":false},"excerpt":{"rendered":"<p>La Federaci\u00f3n Insular de Ajedrez de Gran Canaria ha dado a conocer el calendario de competiciones para el a\u00f1o 2025. A continuaci\u00f3n, destacamos los eventos m\u00e1s relevantes y un resumen de las normas de competici\u00f3n, que podr\u00e1n consultarse en su totalidad en la secci\u00f3n de Documentaci\u00f3n de nuestra p\u00e1gina web , https:\/\/grancanariaajedrez.es\/index.php\/documentacion\/. Este nuevo calendario [&hellip;]<\/p>\n","protected":false},"author":4,"featured_media":2700,"comment_status":"open","ping_status":"open","sticky":false,"template":"","format":"standard","meta":{"ngg_post_thumbnail":0,"footnotes":""},"categories":[1],"tags":[],"class_list":["post-4196","post","type-post","status-publish","format-standard","has-post-thumbnail","hentry","category-portal"],"yoast_head":"<!-- This site is optimized with the Yoast SEO plugin v27.5 - https:\/\/yoast.com\/product\/yoast-seo-wordpress\/ -->\n<title>NUEVO CALENDARIO 2025 - Federaci\u00f3n insular de ajedrez de Gran Canaria<\/title>\n<meta name=\"robots\" content=\"index, follow, max-snippet:-1, max-image-preview:large, max-video-preview:-1\" \/>\n<link rel=\"canonical\" href=\"https:\/\/grancanariaajedrez.es\/index.php\/2024\/12\/06\/nuevo-calendario-2025\/\" \/>\n<meta property=\"og:locale\" content=\"es_ES\" \/>\n<meta property=\"og:type\" content=\"article\" \/>\n<meta property=\"og:title\" content=\"NUEVO CALENDARIO 2025 - Federaci\u00f3n insular de ajedrez de Gran Canaria\" \/>\n<meta property=\"og:description\" content=\"La Federaci\u00f3n Insular de Ajedrez de Gran Canaria ha dado a conocer el calendario de competiciones para el a\u00f1o 2025. A continuaci\u00f3n, destacamos los eventos m\u00e1s relevantes y un resumen de las normas de competici\u00f3n, que podr\u00e1n consultarse en su totalidad en la secci\u00f3n de Documentaci\u00f3n de nuestra p\u00e1gina web , https:\/\/grancanariaajedrez.es\/index.php\/documentacion\/. Este nuevo calendario [&hellip;]\" \/>\n<meta property=\"og:url\" content=\"https:\/\/grancanariaajedrez.es\/index.php\/2024\/12\/06\/nuevo-calendario-2025\/\" \/>\n<meta property=\"og:site_name\" content=\"Federaci\u00f3n insular de ajedrez de Gran Canaria\" \/>\n<meta property=\"article:publisher\" content=\"https:\/\/www.facebook.com\/people\/Federacion-Ajedrez-Gran-Canaria\/100057093924634\/\" \/>\n<meta property=\"article:published_time\" content=\"2024-12-06T11:37:20+00:00\" \/>\n<meta property=\"article:modified_time\" content=\"2025-01-05T00:24:50+00:00\" \/>\n<meta property=\"og:image\" content=\"https:\/\/grancanariaajedrez.es\/wp-content\/uploads\/2024\/01\/BanderaFederacion.png\" \/>\n\t<meta property=\"og:image:width\" content=\"1226\" \/>\n\t<meta property=\"og:image:height\" content=\"720\" \/>\n\t<meta property=\"og:image:type\" content=\"image\/png\" \/>\n<meta name=\"author\" content=\"ADMINGCAJEDREZ\" \/>\n<meta name=\"twitter:card\" content=\"summary_large_image\" \/>\n<meta name=\"twitter:label1\" content=\"Escrito por\" \/>\n\t<meta name=\"twitter:data1\" content=\"ADMINGCAJEDREZ\" \/>\n\t<meta name=\"twitter:label2\" content=\"Tiempo de lectura\" \/>\n\t<meta name=\"twitter:data2\" content=\"3 minutos\" \/>\n<script type=\"application\/ld+json\" class=\"yoast-schema-graph\">{\"@context\":\"https:\\\/\\\/schema.org\",\"@graph\":[{\"@type\":\"Article\",\"@id\":\"https:\\\/\\\/grancanariaajedrez.es\\\/index.php\\\/2024\\\/12\\\/06\\\/nuevo-calendario-2025\\\/#article\",\"isPartOf\":{\"@id\":\"https:\\\/\\\/grancanariaajedrez.es\\\/index.php\\\/2024\\\/12\\\/06\\\/nuevo-calendario-2025\\\/\"},\"author\":{\"name\":\"ADMINGCAJEDREZ\",\"@id\":\"https:\\\/\\\/grancanariaajedrez.es\\\/#\\\/schema\\\/person\\\/b0d16fd090201dccaa427fbde3f2b13c\"},\"headline\":\"NUEVO CALENDARIO 2025\",\"datePublished\":\"2024-12-06T11:37:20+00:00\",\"dateModified\":\"2025-01-05T00:24:50+00:00\",\"mainEntityOfPage\":{\"@id\":\"https:\\\/\\\/grancanariaajedrez.es\\\/index.php\\\/2024\\\/12\\\/06\\\/nuevo-calendario-2025\\\/\"},\"wordCount\":459,\"commentCount\":0,\"image\":{\"@id\":\"https:\\\/\\\/grancanariaajedrez.es\\\/index.php\\\/2024\\\/12\\\/06\\\/nuevo-calendario-2025\\\/#primaryimage\"},\"thumbnailUrl\":\"https:\\\/\\\/grancanariaajedrez.es\\\/wp-content\\\/uploads\\\/2024\\\/01\\\/BanderaFederacion.png\",\"articleSection\":[\"Portal\"],\"inLanguage\":\"es\",\"potentialAction\":[{\"@type\":\"CommentAction\",\"name\":\"Comment\",\"target\":[\"https:\\\/\\\/grancanariaajedrez.es\\\/index.php\\\/2024\\\/12\\\/06\\\/nuevo-calendario-2025\\\/#respond\"]}]},{\"@type\":\"WebPage\",\"@id\":\"https:\\\/\\\/grancanariaajedrez.es\\\/index.php\\\/2024\\\/12\\\/06\\\/nuevo-calendario-2025\\\/\",\"url\":\"https:\\\/\\\/grancanariaajedrez.es\\\/index.php\\\/2024\\\/12\\\/06\\\/nuevo-calendario-2025\\\/\",\"name\":\"NUEVO CALENDARIO 2025 - Federaci\u00f3n insular de ajedrez de Gran Canaria\",\"isPartOf\":{\"@id\":\"https:\\\/\\\/grancanariaajedrez.es\\\/#website\"},\"primaryImageOfPage\":{\"@id\":\"https:\\\/\\\/grancanariaajedrez.es\\\/index.php\\\/2024\\\/12\\\/06\\\/nuevo-calendario-2025\\\/#primaryimage\"},\"image\":{\"@id\":\"https:\\\/\\\/grancanariaajedrez.es\\\/index.php\\\/2024\\\/12\\\/06\\\/nuevo-calendario-2025\\\/#primaryimage\"},\"thumbnailUrl\":\"https:\\\/\\\/grancanariaajedrez.es\\\/wp-content\\\/uploads\\\/2024\\\/01\\\/BanderaFederacion.png\",\"datePublished\":\"2024-12-06T11:37:20+00:00\",\"dateModified\":\"2025-01-05T00:24:50+00:00\",\"author\":{\"@id\":\"https:\\\/\\\/grancanariaajedrez.es\\\/#\\\/schema\\\/person\\\/b0d16fd090201dccaa427fbde3f2b13c\"},\"breadcrumb\":{\"@id\":\"https:\\\/\\\/grancanariaajedrez.es\\\/index.php\\\/2024\\\/12\\\/06\\\/nuevo-calendario-2025\\\/#breadcrumb\"},\"inLanguage\":\"es\",\"potentialAction\":[{\"@type\":\"ReadAction\",\"target\":[\"https:\\\/\\\/grancanariaajedrez.es\\\/index.php\\\/2024\\\/12\\\/06\\\/nuevo-calendario-2025\\\/\"]}]},{\"@type\":\"ImageObject\",\"inLanguage\":\"es\",\"@id\":\"https:\\\/\\\/grancanariaajedrez.es\\\/index.php\\\/2024\\\/12\\\/06\\\/nuevo-calendario-2025\\\/#primaryimage\",\"url\":\"https:\\\/\\\/grancanariaajedrez.es\\\/wp-content\\\/uploads\\\/2024\\\/01\\\/BanderaFederacion.png\",\"contentUrl\":\"https:\\\/\\\/grancanariaajedrez.es\\\/wp-content\\\/uploads\\\/2024\\\/01\\\/BanderaFederacion.png\",\"width\":1226,\"height\":720},{\"@type\":\"BreadcrumbList\",\"@id\":\"https:\\\/\\\/grancanariaajedrez.es\\\/index.php\\\/2024\\\/12\\\/06\\\/nuevo-calendario-2025\\\/#breadcrumb\",\"itemListElement\":[{\"@type\":\"ListItem\",\"position\":1,\"name\":\"Portada\",\"item\":\"https:\\\/\\\/grancanariaajedrez.es\\\/\"},{\"@type\":\"ListItem\",\"position\":2,\"name\":\"NUEVO CALENDARIO 2025\"}]},{\"@type\":\"WebSite\",\"@id\":\"https:\\\/\\\/grancanariaajedrez.es\\\/#website\",\"url\":\"https:\\\/\\\/grancanariaajedrez.es\\\/\",\"name\":\"Grancanariaajedrez.es\",\"description\":\"Federaci\u00f3n insular de ajedrez de Gran Canaria\",\"potentialAction\":[{\"@type\":\"SearchAction\",\"target\":{\"@type\":\"EntryPoint\",\"urlTemplate\":\"https:\\\/\\\/grancanariaajedrez.es\\\/?s={search_term_string}\"},\"query-input\":{\"@type\":\"PropertyValueSpecification\",\"valueRequired\":true,\"valueName\":\"search_term_string\"}}],\"inLanguage\":\"es\"},{\"@type\":\"Person\",\"@id\":\"https:\\\/\\\/grancanariaajedrez.es\\\/#\\\/schema\\\/person\\\/b0d16fd090201dccaa427fbde3f2b13c\",\"name\":\"ADMINGCAJEDREZ\",\"image\":{\"@type\":\"ImageObject\",\"inLanguage\":\"es\",\"@id\":\"https:\\\/\\\/secure.gravatar.com\\\/avatar\\\/1758b5530507ae9055bb2356fa3b8ce80bada4e4a30e86add148f90b29c44667?s=96&d=mm&r=g\",\"url\":\"https:\\\/\\\/secure.gravatar.com\\\/avatar\\\/1758b5530507ae9055bb2356fa3b8ce80bada4e4a30e86add148f90b29c44667?s=96&d=mm&r=g\",\"contentUrl\":\"https:\\\/\\\/secure.gravatar.com\\\/avatar\\\/1758b5530507ae9055bb2356fa3b8ce80bada4e4a30e86add148f90b29c44667?s=96&d=mm&r=g\",\"caption\":\"ADMINGCAJEDREZ\"},\"url\":\"https:\\\/\\\/grancanariaajedrez.es\\\/index.php\\\/author\\\/admingcajedrez\\\/\"}]}<\/script>\n<!-- \/ Yoast SEO plugin. -->","yoast_head_json":{"title":"NUEVO CALENDARIO 2025 - Federaci\u00f3n insular de ajedrez de Gran Canaria","robots":{"index":"index","follow":"follow","max-snippet":"max-snippet:-1","max-image-preview":"max-image-preview:large","max-video-preview":"max-video-preview:-1"},"canonical":"https:\/\/grancanariaajedrez.es\/index.php\/2024\/12\/06\/nuevo-calendario-2025\/","og_locale":"es_ES","og_type":"article","og_title":"NUEVO CALENDARIO 2025 - Federaci\u00f3n insular de ajedrez de Gran Canaria","og_description":"La Federaci\u00f3n Insular de Ajedrez de Gran Canaria ha dado a conocer el calendario de competiciones para el a\u00f1o 2025. A continuaci\u00f3n, destacamos los eventos m\u00e1s relevantes y un resumen de las normas de competici\u00f3n, que podr\u00e1n consultarse en su totalidad en la secci\u00f3n de Documentaci\u00f3n de nuestra p\u00e1gina web , https:\/\/grancanariaajedrez.es\/index.php\/documentacion\/. Este nuevo calendario [&hellip;]","og_url":"https:\/\/grancanariaajedrez.es\/index.php\/2024\/12\/06\/nuevo-calendario-2025\/","og_site_name":"Federaci\u00f3n insular de ajedrez de Gran Canaria","article_publisher":"https:\/\/www.facebook.com\/people\/Federacion-Ajedrez-Gran-Canaria\/100057093924634\/","article_published_time":"2024-12-06T11:37:20+00:00","article_modified_time":"2025-01-05T00:24:50+00:00","og_image":[{"width":1226,"height":720,"url":"https:\/\/grancanariaajedrez.es\/wp-content\/uploads\/2024\/01\/BanderaFederacion.png","type":"image\/png"}],"author":"ADMINGCAJEDREZ","twitter_card":"summary_large_image","twitter_misc":{"Escrito por":"ADMINGCAJEDREZ","Tiempo de lectura":"3 minutos"},"schema":{"@context":"https:\/\/schema.org","@graph":[{"@type":"Article","@id":"https:\/\/grancanariaajedrez.es\/index.php\/2024\/12\/06\/nuevo-calendario-2025\/#article","isPartOf":{"@id":"https:\/\/grancanariaajedrez.es\/index.php\/2024\/12\/06\/nuevo-calendario-2025\/"},"author":{"name":"ADMINGCAJEDREZ","@id":"https:\/\/grancanariaajedrez.es\/#\/schema\/person\/b0d16fd090201dccaa427fbde3f2b13c"},"headline":"NUEVO CALENDARIO 2025","datePublished":"2024-12-06T11:37:20+00:00","dateModified":"2025-01-05T00:24:50+00:00","mainEntityOfPage":{"@id":"https:\/\/grancanariaajedrez.es\/index.php\/2024\/12\/06\/nuevo-calendario-2025\/"},"wordCount":459,"commentCount":0,"image":{"@id":"https:\/\/grancanariaajedrez.es\/index.php\/2024\/12\/06\/nuevo-calendario-2025\/#primaryimage"},"thumbnailUrl":"https:\/\/grancanariaajedrez.es\/wp-content\/uploads\/2024\/01\/BanderaFederacion.png","articleSection":["Portal"],"inLanguage":"es","potentialAction":[{"@type":"CommentAction","name":"Comment","target":["https:\/\/grancanariaajedrez.es\/index.php\/2024\/12\/06\/nuevo-calendario-2025\/#respond"]}]},{"@type":"WebPage","@id":"https:\/\/grancanariaajedrez.es\/index.php\/2024\/12\/06\/nuevo-calendario-2025\/","url":"https:\/\/grancanariaajedrez.es\/index.php\/2024\/12\/06\/nuevo-calendario-2025\/","name":"NUEVO CALENDARIO 2025 - Federaci\u00f3n insular de ajedrez de Gran Canaria","isPartOf":{"@id":"https:\/\/grancanariaajedrez.es\/#website"},"primaryImageOfPage":{"@id":"https:\/\/grancanariaajedrez.es\/index.php\/2024\/12\/06\/nuevo-calendario-2025\/#primaryimage"},"image":{"@id":"https:\/\/grancanariaajedrez.es\/index.php\/2024\/12\/06\/nuevo-calendario-2025\/#primaryimage"},"thumbnailUrl":"https:\/\/grancanariaajedrez.es\/wp-content\/uploads\/2024\/01\/BanderaFederacion.png","datePublished":"2024-12-06T11:37:20+00:00","dateModified":"2025-01-05T00:24:50+00:00","author":{"@id":"https:\/\/grancanariaajedrez.es\/#\/schema\/person\/b0d16fd090201dccaa427fbde3f2b13c"},"breadcrumb":{"@id":"https:\/\/grancanariaajedrez.es\/index.php\/2024\/12\/06\/nuevo-calendario-2025\/#breadcrumb"},"inLanguage":"es","potentialAction":[{"@type":"ReadAction","target":["https:\/\/grancanariaajedrez.es\/index.php\/2024\/12\/06\/nuevo-calendario-2025\/"]}]},{"@type":"ImageObject","inLanguage":"es","@id":"https:\/\/grancanariaajedrez.es\/index.php\/2024\/12\/06\/nuevo-calendario-2025\/#primaryimage","url":"https:\/\/grancanariaajedrez.es\/wp-content\/uploads\/2024\/01\/BanderaFederacion.png","contentUrl":"https:\/\/grancanariaajedrez.es\/wp-content\/uploads\/2024\/01\/BanderaFederacion.png","width":1226,"height":720},{"@type":"BreadcrumbList","@id":"https:\/\/grancanariaajedrez.es\/index.php\/2024\/12\/06\/nuevo-calendario-2025\/#breadcrumb","itemListElement":[{"@type":"ListItem","position":1,"name":"Portada","item":"https:\/\/grancanariaajedrez.es\/"},{"@type":"ListItem","position":2,"name":"NUEVO CALENDARIO 2025"}]},{"@type":"WebSite","@id":"https:\/\/grancanariaajedrez.es\/#website","url":"https:\/\/grancanariaajedrez.es\/","name":"Grancanariaajedrez.es","description":"Federaci\u00f3n insular de ajedrez de Gran Canaria","potentialAction":[{"@type":"SearchAction","target":{"@type":"EntryPoint","urlTemplate":"https:\/\/grancanariaajedrez.es\/?s={search_term_string}"},"query-input":{"@type":"PropertyValueSpecification","valueRequired":true,"valueName":"search_term_string"}}],"inLanguage":"es"},{"@type":"Person","@id":"https:\/\/grancanariaajedrez.es\/#\/schema\/person\/b0d16fd090201dccaa427fbde3f2b13c","name":"ADMINGCAJEDREZ","image":{"@type":"ImageObject","inLanguage":"es","@id":"https:\/\/secure.gravatar.com\/avatar\/1758b5530507ae9055bb2356fa3b8ce80bada4e4a30e86add148f90b29c44667?s=96&d=mm&r=g","url":"https:\/\/secure.gravatar.com\/avatar\/1758b5530507ae9055bb2356fa3b8ce80bada4e4a30e86add148f90b29c44667?s=96&d=mm&r=g","contentUrl":"https:\/\/secure.gravatar.com\/avatar\/1758b5530507ae9055bb2356fa3b8ce80bada4e4a30e86add148f90b29c44667?s=96&d=mm&r=g","caption":"ADMINGCAJEDREZ"},"url":"https:\/\/grancanariaajedrez.es\/index.php\/author\/admingcajedrez\/"}]}},"_links":{"self":[{"href":"https:\/\/grancanariaajedrez.es\/index.php\/wp-json\/wp\/v2\/posts\/4196","targetHints":{"allow":["GET"]}}],"collection":[{"href":"https:\/\/grancanariaajedrez.es\/index.php\/wp-json\/wp\/v2\/posts"}],"about":[{"href":"https:\/\/grancanariaajedrez.es\/index.php\/wp-json\/wp\/v2\/types\/post"}],"author":[{"embeddable":true,"href":"https:\/\/grancanariaajedrez.es\/index.php\/wp-json\/wp\/v2\/users\/4"}],"replies":[{"embeddable":true,"href":"https:\/\/grancanariaajedrez.es\/index.php\/wp-json\/wp\/v2\/comments?post=4196"}],"version-history":[{"count":2,"href":"https:\/\/grancanariaajedrez.es\/index.php\/wp-json\/wp\/v2\/posts\/4196\/revisions"}],"predecessor-version":[{"id":4295,"href":"https:\/\/grancanariaajedrez.es\/index.php\/wp-json\/wp\/v2\/posts\/4196\/revisions\/4295"}],"wp:featuredmedia":[{"embeddable":true,"href":"https:\/\/grancanariaajedrez.es\/index.php\/wp-json\/wp\/v2\/media\/2700"}],"wp:attachment":[{"href":"https:\/\/grancanariaajedrez.es\/index.php\/wp-json\/wp\/v2\/media?parent=4196"}],"wp:term":[{"taxonomy":"category","embeddable":true,"href":"https:\/\/grancanariaajedrez.es\/index.php\/wp-json\/wp\/v2\/categories?post=4196"},{"taxonomy":"post_tag","embeddable":true,"href":"https:\/\/grancanariaajedrez.es\/index.php\/wp-json\/wp\/v2\/tags?post=4196"}],"curies":[{"name":"wp","href":"https:\/\/api.w.org\/{rel}","templated":true}]}}