{"id":2947,"date":"2024-03-16T11:48:40","date_gmt":"2024-03-16T11:48:40","guid":{"rendered":"https:\/\/grancanariaajedrez.es\/?p=2947"},"modified":"2024-03-16T15:43:49","modified_gmt":"2024-03-16T15:43:49","slug":"convocatoria-de-elecciones-federacion-canaria-de-ajedrez","status":"publish","type":"post","link":"https:\/\/grancanariaajedrez.es\/index.php\/2024\/03\/16\/convocatoria-de-elecciones-federacion-canaria-de-ajedrez\/","title":{"rendered":"Convocatoria de Elecciones &#8211; Federaci\u00f3n Canaria de Ajedrez."},"content":{"rendered":"\n<p><strong>Se informa a todos los miembros de la Federaci\u00f3n Canaria de Ajedrez que, debido a la dimisi\u00f3n del presidente, D. Alexis Alonso Valiente, los miembros de la Federaci\u00f3n han convocado un proceso anticipado de elecci\u00f3n para elegir un nuevo presidente.<\/strong><\/p>\n\n\n\n<p><strong>A partir de esta fecha, la Presidencia y Junta de Gobierno de la Federaci\u00f3n Canaria de Ajedrez pasan a estar en funciones, hasta la finalizaci\u00f3n del proceso electoral y toma de posesi\u00f3n del nuevo presidente\/a.<\/strong><\/p>\n\n\n\n<p><strong>La normativa y el calendario electorales figuran expuestos en los tablones de anuncios de la Federaci\u00f3n Canaria de Ajedrez, as\u00ed como en la p\u00e1gina web oficial de la Federaci\u00f3n Canaria de Ajedrez y en la p\u00e1gina web de la Direcci\u00f3n General de Deportes.<\/strong><\/p>\n\n\n\n<p><strong>Se adjunta comunicado de la Federaci\u00f3n Canaria de Ajedrez.<\/strong><\/p>\n\n\n\n<hr class=\"wp-block-separator has-alpha-channel-opacity\"\/>\n\n\n\n<div data-wp-interactive=\"core\/file\" class=\"wp-block-file\"><object data-wp-bind--hidden=\"!state.hasPdfPreview\" hidden class=\"wp-block-file__embed\" data=\"https:\/\/grancanariaajedrez.es\/wp-content\/uploads\/2024\/03\/2.f-CONVOCATORIA-PARA-WEB-FC-AJEDREZ.pdf\" type=\"application\/pdf\" style=\"width:100%;height:1060px\" aria-label=\"Incrustado de CONVOCATORIA.\"><\/object><a id=\"wp-block-file--media-a896f51b-e257-4c06-a4cd-f548aaef2a4d\" href=\"https:\/\/grancanariaajedrez.es\/wp-content\/uploads\/2024\/03\/2.f-CONVOCATORIA-PARA-WEB-FC-AJEDREZ.pdf\">CONVOCATORIA<\/a><a href=\"https:\/\/grancanariaajedrez.es\/wp-content\/uploads\/2024\/03\/2.f-CONVOCATORIA-PARA-WEB-FC-AJEDREZ.pdf\" class=\"wp-block-file__button wp-element-button\" download aria-describedby=\"wp-block-file--media-a896f51b-e257-4c06-a4cd-f548aaef2a4d\">Descarga<\/a><\/div>\n\n\n<figure style=\"aspect-ratio:2\/3;\" class=\"wp-block-post-featured-image\"><img decoding=\"async\" width=\"152\" height=\"150\" src=\"https:\/\/grancanariaajedrez.es\/wp-content\/uploads\/2023\/02\/Sin-titulo-1-1.png\" class=\"attachment-post-thumbnail size-post-thumbnail wp-post-image\" alt=\"\" style=\"width:100%;height:100%;object-fit:contain;\" \/><\/figure>\n\n\n<div class=\"wp-block-file\"><a href=\"https:\/\/grancanariaajedrez.es\/wp-content\/uploads\/2024\/03\/0.1.Calendario-AJEDREZ-pdf-724x1024.jpg\">0.1.Calendario<\/a><a href=\"https:\/\/grancanariaajedrez.es\/wp-content\/uploads\/2024\/03\/0.1.Calendario-AJEDREZ-pdf-724x1024.jpg\" class=\"wp-block-file__button wp-element-button\" download>Descarga<\/a><\/div>\n\n\n\n<p><\/p>\n","protected":false},"excerpt":{"rendered":"<p>Se informa a todos los miembros de la Federaci\u00f3n Canaria de Ajedrez que, debido a la dimisi\u00f3n del presidente, D. Alexis Alonso Valiente, los miembros de la Federaci\u00f3n han convocado un proceso anticipado de elecci\u00f3n para elegir un nuevo presidente. A partir de esta fecha, la Presidencia y Junta de Gobierno de la Federaci\u00f3n Canaria [&hellip;]<\/p>\n","protected":false},"author":4,"featured_media":621,"comment_status":"closed","ping_status":"open","sticky":false,"template":"","format":"standard","meta":{"ngg_post_thumbnail":0,"footnotes":""},"categories":[1],"tags":[],"class_list":["post-2947","post","type-post","status-publish","format-standard","has-post-thumbnail","hentry","category-portal"],"yoast_head":"<!-- This site is optimized with the Yoast SEO plugin v27.5 - https:\/\/yoast.com\/product\/yoast-seo-wordpress\/ -->\n<title>Convocatoria de Elecciones - Federaci\u00f3n Canaria de Ajedrez. - Federaci\u00f3n insular de ajedrez de Gran Canaria<\/title>\n<meta name=\"description\" content=\"dimisi\u00f3n presidente Federaci\u00f3n Canaria de Ajedrez ALEXIS ALONSO VALIENTE\" \/>\n<meta name=\"robots\" content=\"index, follow, max-snippet:-1, max-image-preview:large, max-video-preview:-1\" \/>\n<link rel=\"canonical\" href=\"https:\/\/grancanariaajedrez.es\/index.php\/2024\/03\/16\/convocatoria-de-elecciones-federacion-canaria-de-ajedrez\/\" \/>\n<meta property=\"og:locale\" content=\"es_ES\" \/>\n<meta property=\"og:type\" content=\"article\" \/>\n<meta property=\"og:title\" content=\"Convocatoria de Elecciones - Federaci\u00f3n Canaria de Ajedrez. - Federaci\u00f3n insular de ajedrez de Gran Canaria\" \/>\n<meta property=\"og:description\" content=\"dimisi\u00f3n presidente Federaci\u00f3n Canaria de Ajedrez ALEXIS ALONSO VALIENTE\" \/>\n<meta property=\"og:url\" content=\"https:\/\/grancanariaajedrez.es\/index.php\/2024\/03\/16\/convocatoria-de-elecciones-federacion-canaria-de-ajedrez\/\" \/>\n<meta property=\"og:site_name\" content=\"Federaci\u00f3n insular de ajedrez de Gran Canaria\" \/>\n<meta property=\"article:publisher\" content=\"https:\/\/www.facebook.com\/people\/Federacion-Ajedrez-Gran-Canaria\/100057093924634\/\" \/>\n<meta property=\"article:published_time\" content=\"2024-03-16T11:48:40+00:00\" \/>\n<meta property=\"article:modified_time\" content=\"2024-03-16T15:43:49+00:00\" \/>\n<meta property=\"og:image\" content=\"https:\/\/grancanariaajedrez.es\/wp-content\/uploads\/2023\/02\/Sin-titulo-1-1.png\" \/>\n\t<meta property=\"og:image:width\" content=\"152\" \/>\n\t<meta property=\"og:image:height\" content=\"150\" \/>\n\t<meta property=\"og:image:type\" content=\"image\/png\" \/>\n<meta name=\"author\" content=\"ADMINGCAJEDREZ\" \/>\n<meta name=\"twitter:card\" content=\"summary_large_image\" \/>\n<meta name=\"twitter:label1\" content=\"Escrito por\" \/>\n\t<meta name=\"twitter:data1\" content=\"ADMINGCAJEDREZ\" \/>\n\t<meta name=\"twitter:label2\" content=\"Tiempo de lectura\" \/>\n\t<meta name=\"twitter:data2\" content=\"1 minuto\" \/>\n<script type=\"application\/ld+json\" class=\"yoast-schema-graph\">{\"@context\":\"https:\\\/\\\/schema.org\",\"@graph\":[{\"@type\":\"Article\",\"@id\":\"https:\\\/\\\/grancanariaajedrez.es\\\/index.php\\\/2024\\\/03\\\/16\\\/convocatoria-de-elecciones-federacion-canaria-de-ajedrez\\\/#article\",\"isPartOf\":{\"@id\":\"https:\\\/\\\/grancanariaajedrez.es\\\/index.php\\\/2024\\\/03\\\/16\\\/convocatoria-de-elecciones-federacion-canaria-de-ajedrez\\\/\"},\"author\":{\"name\":\"ADMINGCAJEDREZ\",\"@id\":\"https:\\\/\\\/grancanariaajedrez.es\\\/#\\\/schema\\\/person\\\/b0d16fd090201dccaa427fbde3f2b13c\"},\"headline\":\"Convocatoria de Elecciones &#8211; Federaci\u00f3n Canaria de Ajedrez.\",\"datePublished\":\"2024-03-16T11:48:40+00:00\",\"dateModified\":\"2024-03-16T15:43:49+00:00\",\"mainEntityOfPage\":{\"@id\":\"https:\\\/\\\/grancanariaajedrez.es\\\/index.php\\\/2024\\\/03\\\/16\\\/convocatoria-de-elecciones-federacion-canaria-de-ajedrez\\\/\"},\"wordCount\":154,\"image\":{\"@id\":\"https:\\\/\\\/grancanariaajedrez.es\\\/index.php\\\/2024\\\/03\\\/16\\\/convocatoria-de-elecciones-federacion-canaria-de-ajedrez\\\/#primaryimage\"},\"thumbnailUrl\":\"https:\\\/\\\/grancanariaajedrez.es\\\/wp-content\\\/uploads\\\/2023\\\/02\\\/Sin-titulo-1-1.png\",\"articleSection\":[\"Portal\"],\"inLanguage\":\"es\"},{\"@type\":\"WebPage\",\"@id\":\"https:\\\/\\\/grancanariaajedrez.es\\\/index.php\\\/2024\\\/03\\\/16\\\/convocatoria-de-elecciones-federacion-canaria-de-ajedrez\\\/\",\"url\":\"https:\\\/\\\/grancanariaajedrez.es\\\/index.php\\\/2024\\\/03\\\/16\\\/convocatoria-de-elecciones-federacion-canaria-de-ajedrez\\\/\",\"name\":\"Convocatoria de Elecciones - Federaci\u00f3n Canaria de Ajedrez. - Federaci\u00f3n insular de ajedrez de Gran Canaria\",\"isPartOf\":{\"@id\":\"https:\\\/\\\/grancanariaajedrez.es\\\/#website\"},\"primaryImageOfPage\":{\"@id\":\"https:\\\/\\\/grancanariaajedrez.es\\\/index.php\\\/2024\\\/03\\\/16\\\/convocatoria-de-elecciones-federacion-canaria-de-ajedrez\\\/#primaryimage\"},\"image\":{\"@id\":\"https:\\\/\\\/grancanariaajedrez.es\\\/index.php\\\/2024\\\/03\\\/16\\\/convocatoria-de-elecciones-federacion-canaria-de-ajedrez\\\/#primaryimage\"},\"thumbnailUrl\":\"https:\\\/\\\/grancanariaajedrez.es\\\/wp-content\\\/uploads\\\/2023\\\/02\\\/Sin-titulo-1-1.png\",\"datePublished\":\"2024-03-16T11:48:40+00:00\",\"dateModified\":\"2024-03-16T15:43:49+00:00\",\"author\":{\"@id\":\"https:\\\/\\\/grancanariaajedrez.es\\\/#\\\/schema\\\/person\\\/b0d16fd090201dccaa427fbde3f2b13c\"},\"description\":\"dimisi\u00f3n presidente Federaci\u00f3n Canaria de Ajedrez ALEXIS ALONSO VALIENTE\",\"breadcrumb\":{\"@id\":\"https:\\\/\\\/grancanariaajedrez.es\\\/index.php\\\/2024\\\/03\\\/16\\\/convocatoria-de-elecciones-federacion-canaria-de-ajedrez\\\/#breadcrumb\"},\"inLanguage\":\"es\",\"potentialAction\":[{\"@type\":\"ReadAction\",\"target\":[\"https:\\\/\\\/grancanariaajedrez.es\\\/index.php\\\/2024\\\/03\\\/16\\\/convocatoria-de-elecciones-federacion-canaria-de-ajedrez\\\/\"]}]},{\"@type\":\"ImageObject\",\"inLanguage\":\"es\",\"@id\":\"https:\\\/\\\/grancanariaajedrez.es\\\/index.php\\\/2024\\\/03\\\/16\\\/convocatoria-de-elecciones-federacion-canaria-de-ajedrez\\\/#primaryimage\",\"url\":\"https:\\\/\\\/grancanariaajedrez.es\\\/wp-content\\\/uploads\\\/2023\\\/02\\\/Sin-titulo-1-1.png\",\"contentUrl\":\"https:\\\/\\\/grancanariaajedrez.es\\\/wp-content\\\/uploads\\\/2023\\\/02\\\/Sin-titulo-1-1.png\",\"width\":152,\"height\":150,\"caption\":\"Federaci\u00f3n canaria de Ajedrez\"},{\"@type\":\"BreadcrumbList\",\"@id\":\"https:\\\/\\\/grancanariaajedrez.es\\\/index.php\\\/2024\\\/03\\\/16\\\/convocatoria-de-elecciones-federacion-canaria-de-ajedrez\\\/#breadcrumb\",\"itemListElement\":[{\"@type\":\"ListItem\",\"position\":1,\"name\":\"Portada\",\"item\":\"https:\\\/\\\/grancanariaajedrez.es\\\/\"},{\"@type\":\"ListItem\",\"position\":2,\"name\":\"Convocatoria de Elecciones &#8211; Federaci\u00f3n Canaria de Ajedrez.\"}]},{\"@type\":\"WebSite\",\"@id\":\"https:\\\/\\\/grancanariaajedrez.es\\\/#website\",\"url\":\"https:\\\/\\\/grancanariaajedrez.es\\\/\",\"name\":\"Grancanariaajedrez.es\",\"description\":\"Federaci\u00f3n insular de ajedrez de Gran Canaria\",\"potentialAction\":[{\"@type\":\"SearchAction\",\"target\":{\"@type\":\"EntryPoint\",\"urlTemplate\":\"https:\\\/\\\/grancanariaajedrez.es\\\/?s={search_term_string}\"},\"query-input\":{\"@type\":\"PropertyValueSpecification\",\"valueRequired\":true,\"valueName\":\"search_term_string\"}}],\"inLanguage\":\"es\"},{\"@type\":\"Person\",\"@id\":\"https:\\\/\\\/grancanariaajedrez.es\\\/#\\\/schema\\\/person\\\/b0d16fd090201dccaa427fbde3f2b13c\",\"name\":\"ADMINGCAJEDREZ\",\"image\":{\"@type\":\"ImageObject\",\"inLanguage\":\"es\",\"@id\":\"https:\\\/\\\/secure.gravatar.com\\\/avatar\\\/1758b5530507ae9055bb2356fa3b8ce80bada4e4a30e86add148f90b29c44667?s=96&d=mm&r=g\",\"url\":\"https:\\\/\\\/secure.gravatar.com\\\/avatar\\\/1758b5530507ae9055bb2356fa3b8ce80bada4e4a30e86add148f90b29c44667?s=96&d=mm&r=g\",\"contentUrl\":\"https:\\\/\\\/secure.gravatar.com\\\/avatar\\\/1758b5530507ae9055bb2356fa3b8ce80bada4e4a30e86add148f90b29c44667?s=96&d=mm&r=g\",\"caption\":\"ADMINGCAJEDREZ\"},\"url\":\"https:\\\/\\\/grancanariaajedrez.es\\\/index.php\\\/author\\\/admingcajedrez\\\/\"}]}<\/script>\n<!-- \/ Yoast SEO plugin. -->","yoast_head_json":{"title":"Convocatoria de Elecciones - Federaci\u00f3n Canaria de Ajedrez. - Federaci\u00f3n insular de ajedrez de Gran Canaria","description":"dimisi\u00f3n presidente Federaci\u00f3n Canaria de Ajedrez ALEXIS ALONSO VALIENTE","robots":{"index":"index","follow":"follow","max-snippet":"max-snippet:-1","max-image-preview":"max-image-preview:large","max-video-preview":"max-video-preview:-1"},"canonical":"https:\/\/grancanariaajedrez.es\/index.php\/2024\/03\/16\/convocatoria-de-elecciones-federacion-canaria-de-ajedrez\/","og_locale":"es_ES","og_type":"article","og_title":"Convocatoria de Elecciones - Federaci\u00f3n Canaria de Ajedrez. - Federaci\u00f3n insular de ajedrez de Gran Canaria","og_description":"dimisi\u00f3n presidente Federaci\u00f3n Canaria de Ajedrez ALEXIS ALONSO VALIENTE","og_url":"https:\/\/grancanariaajedrez.es\/index.php\/2024\/03\/16\/convocatoria-de-elecciones-federacion-canaria-de-ajedrez\/","og_site_name":"Federaci\u00f3n insular de ajedrez de Gran Canaria","article_publisher":"https:\/\/www.facebook.com\/people\/Federacion-Ajedrez-Gran-Canaria\/100057093924634\/","article_published_time":"2024-03-16T11:48:40+00:00","article_modified_time":"2024-03-16T15:43:49+00:00","og_image":[{"width":152,"height":150,"url":"https:\/\/grancanariaajedrez.es\/wp-content\/uploads\/2023\/02\/Sin-titulo-1-1.png","type":"image\/png"}],"author":"ADMINGCAJEDREZ","twitter_card":"summary_large_image","twitter_misc":{"Escrito por":"ADMINGCAJEDREZ","Tiempo de lectura":"1 minuto"},"schema":{"@context":"https:\/\/schema.org","@graph":[{"@type":"Article","@id":"https:\/\/grancanariaajedrez.es\/index.php\/2024\/03\/16\/convocatoria-de-elecciones-federacion-canaria-de-ajedrez\/#article","isPartOf":{"@id":"https:\/\/grancanariaajedrez.es\/index.php\/2024\/03\/16\/convocatoria-de-elecciones-federacion-canaria-de-ajedrez\/"},"author":{"name":"ADMINGCAJEDREZ","@id":"https:\/\/grancanariaajedrez.es\/#\/schema\/person\/b0d16fd090201dccaa427fbde3f2b13c"},"headline":"Convocatoria de Elecciones &#8211; Federaci\u00f3n Canaria de Ajedrez.","datePublished":"2024-03-16T11:48:40+00:00","dateModified":"2024-03-16T15:43:49+00:00","mainEntityOfPage":{"@id":"https:\/\/grancanariaajedrez.es\/index.php\/2024\/03\/16\/convocatoria-de-elecciones-federacion-canaria-de-ajedrez\/"},"wordCount":154,"image":{"@id":"https:\/\/grancanariaajedrez.es\/index.php\/2024\/03\/16\/convocatoria-de-elecciones-federacion-canaria-de-ajedrez\/#primaryimage"},"thumbnailUrl":"https:\/\/grancanariaajedrez.es\/wp-content\/uploads\/2023\/02\/Sin-titulo-1-1.png","articleSection":["Portal"],"inLanguage":"es"},{"@type":"WebPage","@id":"https:\/\/grancanariaajedrez.es\/index.php\/2024\/03\/16\/convocatoria-de-elecciones-federacion-canaria-de-ajedrez\/","url":"https:\/\/grancanariaajedrez.es\/index.php\/2024\/03\/16\/convocatoria-de-elecciones-federacion-canaria-de-ajedrez\/","name":"Convocatoria de Elecciones - Federaci\u00f3n Canaria de Ajedrez. - Federaci\u00f3n insular de ajedrez de Gran Canaria","isPartOf":{"@id":"https:\/\/grancanariaajedrez.es\/#website"},"primaryImageOfPage":{"@id":"https:\/\/grancanariaajedrez.es\/index.php\/2024\/03\/16\/convocatoria-de-elecciones-federacion-canaria-de-ajedrez\/#primaryimage"},"image":{"@id":"https:\/\/grancanariaajedrez.es\/index.php\/2024\/03\/16\/convocatoria-de-elecciones-federacion-canaria-de-ajedrez\/#primaryimage"},"thumbnailUrl":"https:\/\/grancanariaajedrez.es\/wp-content\/uploads\/2023\/02\/Sin-titulo-1-1.png","datePublished":"2024-03-16T11:48:40+00:00","dateModified":"2024-03-16T15:43:49+00:00","author":{"@id":"https:\/\/grancanariaajedrez.es\/#\/schema\/person\/b0d16fd090201dccaa427fbde3f2b13c"},"description":"dimisi\u00f3n presidente Federaci\u00f3n Canaria de Ajedrez ALEXIS ALONSO VALIENTE","breadcrumb":{"@id":"https:\/\/grancanariaajedrez.es\/index.php\/2024\/03\/16\/convocatoria-de-elecciones-federacion-canaria-de-ajedrez\/#breadcrumb"},"inLanguage":"es","potentialAction":[{"@type":"ReadAction","target":["https:\/\/grancanariaajedrez.es\/index.php\/2024\/03\/16\/convocatoria-de-elecciones-federacion-canaria-de-ajedrez\/"]}]},{"@type":"ImageObject","inLanguage":"es","@id":"https:\/\/grancanariaajedrez.es\/index.php\/2024\/03\/16\/convocatoria-de-elecciones-federacion-canaria-de-ajedrez\/#primaryimage","url":"https:\/\/grancanariaajedrez.es\/wp-content\/uploads\/2023\/02\/Sin-titulo-1-1.png","contentUrl":"https:\/\/grancanariaajedrez.es\/wp-content\/uploads\/2023\/02\/Sin-titulo-1-1.png","width":152,"height":150,"caption":"Federaci\u00f3n canaria de Ajedrez"},{"@type":"BreadcrumbList","@id":"https:\/\/grancanariaajedrez.es\/index.php\/2024\/03\/16\/convocatoria-de-elecciones-federacion-canaria-de-ajedrez\/#breadcrumb","itemListElement":[{"@type":"ListItem","position":1,"name":"Portada","item":"https:\/\/grancanariaajedrez.es\/"},{"@type":"ListItem","position":2,"name":"Convocatoria de Elecciones &#8211; Federaci\u00f3n Canaria de Ajedrez."}]},{"@type":"WebSite","@id":"https:\/\/grancanariaajedrez.es\/#website","url":"https:\/\/grancanariaajedrez.es\/","name":"Grancanariaajedrez.es","description":"Federaci\u00f3n insular de ajedrez de Gran Canaria","potentialAction":[{"@type":"SearchAction","target":{"@type":"EntryPoint","urlTemplate":"https:\/\/grancanariaajedrez.es\/?s={search_term_string}"},"query-input":{"@type":"PropertyValueSpecification","valueRequired":true,"valueName":"search_term_string"}}],"inLanguage":"es"},{"@type":"Person","@id":"https:\/\/grancanariaajedrez.es\/#\/schema\/person\/b0d16fd090201dccaa427fbde3f2b13c","name":"ADMINGCAJEDREZ","image":{"@type":"ImageObject","inLanguage":"es","@id":"https:\/\/secure.gravatar.com\/avatar\/1758b5530507ae9055bb2356fa3b8ce80bada4e4a30e86add148f90b29c44667?s=96&d=mm&r=g","url":"https:\/\/secure.gravatar.com\/avatar\/1758b5530507ae9055bb2356fa3b8ce80bada4e4a30e86add148f90b29c44667?s=96&d=mm&r=g","contentUrl":"https:\/\/secure.gravatar.com\/avatar\/1758b5530507ae9055bb2356fa3b8ce80bada4e4a30e86add148f90b29c44667?s=96&d=mm&r=g","caption":"ADMINGCAJEDREZ"},"url":"https:\/\/grancanariaajedrez.es\/index.php\/author\/admingcajedrez\/"}]}},"_links":{"self":[{"href":"https:\/\/grancanariaajedrez.es\/index.php\/wp-json\/wp\/v2\/posts\/2947","targetHints":{"allow":["GET"]}}],"collection":[{"href":"https:\/\/grancanariaajedrez.es\/index.php\/wp-json\/wp\/v2\/posts"}],"about":[{"href":"https:\/\/grancanariaajedrez.es\/index.php\/wp-json\/wp\/v2\/types\/post"}],"author":[{"embeddable":true,"href":"https:\/\/grancanariaajedrez.es\/index.php\/wp-json\/wp\/v2\/users\/4"}],"replies":[{"embeddable":true,"href":"https:\/\/grancanariaajedrez.es\/index.php\/wp-json\/wp\/v2\/comments?post=2947"}],"version-history":[{"count":6,"href":"https:\/\/grancanariaajedrez.es\/index.php\/wp-json\/wp\/v2\/posts\/2947\/revisions"}],"predecessor-version":[{"id":2959,"href":"https:\/\/grancanariaajedrez.es\/index.php\/wp-json\/wp\/v2\/posts\/2947\/revisions\/2959"}],"wp:featuredmedia":[{"embeddable":true,"href":"https:\/\/grancanariaajedrez.es\/index.php\/wp-json\/wp\/v2\/media\/621"}],"wp:attachment":[{"href":"https:\/\/grancanariaajedrez.es\/index.php\/wp-json\/wp\/v2\/media?parent=2947"}],"wp:term":[{"taxonomy":"category","embeddable":true,"href":"https:\/\/grancanariaajedrez.es\/index.php\/wp-json\/wp\/v2\/categories?post=2947"},{"taxonomy":"post_tag","embeddable":true,"href":"https:\/\/grancanariaajedrez.es\/index.php\/wp-json\/wp\/v2\/tags?post=2947"}],"curies":[{"name":"wp","href":"https:\/\/api.w.org\/{rel}","templated":true}]}}