{"id":2086,"date":"2023-09-27T13:00:11","date_gmt":"2023-09-27T13:00:11","guid":{"rendered":"https:\/\/grancanariaajedrez.es\/?p=2086"},"modified":"2023-10-04T19:21:35","modified_gmt":"2023-10-04T19:21:35","slug":"xxviii-torneo-blitz-fiestas-del-pino-de-teror","status":"publish","type":"post","link":"https:\/\/grancanariaajedrez.es\/index.php\/2023\/09\/27\/xxviii-torneo-blitz-fiestas-del-pino-de-teror\/","title":{"rendered":"XXVIII Torneo Blitz Fiestas del Pino de Teror"},"content":{"rendered":"\n<p>Abiertas las inscripciones para el XXVIII Torneo Blitz Fiestas del Pino de Teror, Homenaje a Diego Casimiro Cabrera:<br>https:\/\/chess-results.com\/Tnr819151.aspx?lan=2<br>Pueden descargarse las bases y el Cartel del evento, en el enlace anterior, tambi\u00e9n pueden hacer el seguimiento del mismo.<br>Los 100 primeros inscritos se aseguran participar en el torneo, luego entrar\u00e1 una lista de reserva.<br>El Torneo es valedero para ELO BLITZ<\/p>\n\n\n\n<figure class=\"wp-block-image size-large is-resized\"><img fetchpriority=\"high\" decoding=\"async\" src=\"https:\/\/grancanariaajedrez.es\/wp-content\/uploads\/2023\/10\/CARTEL-XXVIII-BLITZ-FIESTAS-DEL-PINO-2023-594x1024.jpg\" alt=\"\" class=\"wp-image-2177\" style=\"width:700px;height:1207px\" width=\"700\" height=\"1207\" srcset=\"https:\/\/grancanariaajedrez.es\/wp-content\/uploads\/2023\/10\/CARTEL-XXVIII-BLITZ-FIESTAS-DEL-PINO-2023-594x1024.jpg 594w, https:\/\/grancanariaajedrez.es\/wp-content\/uploads\/2023\/10\/CARTEL-XXVIII-BLITZ-FIESTAS-DEL-PINO-2023-174x300.jpg 174w, https:\/\/grancanariaajedrez.es\/wp-content\/uploads\/2023\/10\/CARTEL-XXVIII-BLITZ-FIESTAS-DEL-PINO-2023-768x1324.jpg 768w, https:\/\/grancanariaajedrez.es\/wp-content\/uploads\/2023\/10\/CARTEL-XXVIII-BLITZ-FIESTAS-DEL-PINO-2023-891x1536.jpg 891w, https:\/\/grancanariaajedrez.es\/wp-content\/uploads\/2023\/10\/CARTEL-XXVIII-BLITZ-FIESTAS-DEL-PINO-2023-1188x2048.jpg 1188w, https:\/\/grancanariaajedrez.es\/wp-content\/uploads\/2023\/10\/CARTEL-XXVIII-BLITZ-FIESTAS-DEL-PINO-2023-scaled.jpg 1485w\" sizes=\"(max-width: 700px) 100vw, 700px\" \/><\/figure>\n\n\n\n<hr class=\"wp-block-separator has-alpha-channel-opacity\"\/>\n\n\n<figure class=\"wp-block-post-featured-image\"><img decoding=\"async\" width=\"595\" height=\"1060\" src=\"https:\/\/grancanariaajedrez.es\/wp-content\/uploads\/2023\/09\/20230916_125607_0000-e1694869472262.png\" class=\"attachment-post-thumbnail size-post-thumbnail wp-post-image\" alt=\"\" style=\"object-fit:cover;\" srcset=\"https:\/\/grancanariaajedrez.es\/wp-content\/uploads\/2023\/09\/20230916_125607_0000-e1694869472262.png 595w, https:\/\/grancanariaajedrez.es\/wp-content\/uploads\/2023\/09\/20230916_125607_0000-e1694869472262-168x300.png 168w, https:\/\/grancanariaajedrez.es\/wp-content\/uploads\/2023\/09\/20230916_125607_0000-e1694869472262-575x1024.png 575w\" sizes=\"(max-width: 595px) 100vw, 595px\" \/><\/figure>\n\n\n<div data-wp-interactive=\"core\/file\" class=\"wp-block-file\"><object data-wp-bind--hidden=\"!state.hasPdfPreview\" hidden class=\"wp-block-file__embed\" data=\"https:\/\/grancanariaajedrez.es\/wp-content\/uploads\/2023\/10\/PROGRAMA-XXVIII-BLITZ-FIESTAS-DEL-PINO-CON-TROFEOS-2023.pdf\" type=\"application\/pdf\" style=\"width:100%;height:600px\" aria-label=\"Incrustado de PROGRAMA-XXVIII-BLITZ-FIESTAS-DEL-PINO-CON-TROFEOS-2023.\"><\/object><a id=\"wp-block-file--media-93604f56-bb40-4145-93e1-6ab7331c946a\" href=\"https:\/\/grancanariaajedrez.es\/wp-content\/uploads\/2023\/10\/PROGRAMA-XXVIII-BLITZ-FIESTAS-DEL-PINO-CON-TROFEOS-2023.pdf\">PROGRAMA-XXVIII-BLITZ-FIESTAS-DEL-PINO-CON-TROFEOS-2023<\/a><a href=\"https:\/\/grancanariaajedrez.es\/wp-content\/uploads\/2023\/10\/PROGRAMA-XXVIII-BLITZ-FIESTAS-DEL-PINO-CON-TROFEOS-2023.pdf\" class=\"wp-block-file__button wp-element-button\" download aria-describedby=\"wp-block-file--media-93604f56-bb40-4145-93e1-6ab7331c946a\">Descarga<\/a><\/div>\n\n\n\n<hr class=\"wp-block-separator has-alpha-channel-opacity\"\/>\n\n\n\n<p>La organizaci\u00f3n del evento est\u00e1 realizando un esfuerzo extraordinario, corre!!!, todav\u00eda est\u00e1s a tiempo de apuntarte, solo los 100 primeros tendr\u00e1n la oportunidad de participar en este acto conmemorativo a Diego Casimiro.<\/p>\n\n\n\n<figure class=\"wp-block-image size-large\"><img decoding=\"async\" width=\"1024\" height=\"450\" src=\"https:\/\/grancanariaajedrez.es\/wp-content\/uploads\/2023\/10\/1-1024x450.jpeg\" alt=\"\" class=\"wp-image-2172\" srcset=\"https:\/\/grancanariaajedrez.es\/wp-content\/uploads\/2023\/10\/1-1024x450.jpeg 1024w, https:\/\/grancanariaajedrez.es\/wp-content\/uploads\/2023\/10\/1-300x132.jpeg 300w, https:\/\/grancanariaajedrez.es\/wp-content\/uploads\/2023\/10\/1-768x337.jpeg 768w, https:\/\/grancanariaajedrez.es\/wp-content\/uploads\/2023\/10\/1-1536x674.jpeg 1536w, https:\/\/grancanariaajedrez.es\/wp-content\/uploads\/2023\/10\/1.jpeg 2048w\" sizes=\"(max-width: 1024px) 100vw, 1024px\" \/><\/figure>\n\n\n\n<figure class=\"wp-block-image size-large\"><img loading=\"lazy\" decoding=\"async\" width=\"1024\" height=\"450\" src=\"https:\/\/grancanariaajedrez.es\/wp-content\/uploads\/2023\/10\/2-1024x450.jpeg\" alt=\"\" class=\"wp-image-2173\" srcset=\"https:\/\/grancanariaajedrez.es\/wp-content\/uploads\/2023\/10\/2-1024x450.jpeg 1024w, https:\/\/grancanariaajedrez.es\/wp-content\/uploads\/2023\/10\/2-300x132.jpeg 300w, https:\/\/grancanariaajedrez.es\/wp-content\/uploads\/2023\/10\/2-768x337.jpeg 768w, https:\/\/grancanariaajedrez.es\/wp-content\/uploads\/2023\/10\/2-1536x674.jpeg 1536w, https:\/\/grancanariaajedrez.es\/wp-content\/uploads\/2023\/10\/2.jpeg 2048w\" sizes=\"(max-width: 1024px) 100vw, 1024px\" \/><\/figure>\n\n\n\n<figure class=\"wp-block-image size-large\"><img loading=\"lazy\" decoding=\"async\" width=\"1024\" height=\"450\" src=\"https:\/\/grancanariaajedrez.es\/wp-content\/uploads\/2023\/10\/3-1024x450.jpeg\" alt=\"\" class=\"wp-image-2174\" srcset=\"https:\/\/grancanariaajedrez.es\/wp-content\/uploads\/2023\/10\/3-1024x450.jpeg 1024w, https:\/\/grancanariaajedrez.es\/wp-content\/uploads\/2023\/10\/3-300x132.jpeg 300w, https:\/\/grancanariaajedrez.es\/wp-content\/uploads\/2023\/10\/3-768x337.jpeg 768w, https:\/\/grancanariaajedrez.es\/wp-content\/uploads\/2023\/10\/3-1536x674.jpeg 1536w, https:\/\/grancanariaajedrez.es\/wp-content\/uploads\/2023\/10\/3.jpeg 2048w\" sizes=\"(max-width: 1024px) 100vw, 1024px\" \/><\/figure>\n","protected":false},"excerpt":{"rendered":"<p>Abiertas las inscripciones para el XXVIII Torneo Blitz Fiestas del Pino de Teror, Homenaje a Diego Casimiro Cabrera:https:\/\/chess-results.com\/Tnr819151.aspx?lan=2Pueden descargarse las bases y el Cartel del evento, en el enlace anterior, tambi\u00e9n pueden hacer el seguimiento del mismo.Los 100 primeros inscritos se aseguran participar en el torneo, luego entrar\u00e1 una lista de reserva.El Torneo es valedero [&hellip;]<\/p>\n","protected":false},"author":4,"featured_media":2087,"comment_status":"closed","ping_status":"open","sticky":false,"template":"","format":"standard","meta":{"ngg_post_thumbnail":0,"footnotes":""},"categories":[1],"tags":[],"class_list":["post-2086","post","type-post","status-publish","format-standard","has-post-thumbnail","hentry","category-portal"],"yoast_head":"<!-- This site is optimized with the Yoast SEO plugin v27.5 - https:\/\/yoast.com\/product\/yoast-seo-wordpress\/ -->\n<title>XXVIII Torneo Blitz Fiestas del Pino de Teror - Federaci\u00f3n insular de ajedrez de Gran Canaria<\/title>\n<meta name=\"robots\" content=\"index, follow, max-snippet:-1, max-image-preview:large, max-video-preview:-1\" \/>\n<link rel=\"canonical\" href=\"https:\/\/grancanariaajedrez.es\/index.php\/2023\/09\/27\/xxviii-torneo-blitz-fiestas-del-pino-de-teror\/\" \/>\n<meta property=\"og:locale\" content=\"es_ES\" \/>\n<meta property=\"og:type\" content=\"article\" \/>\n<meta property=\"og:title\" content=\"XXVIII Torneo Blitz Fiestas del Pino de Teror - Federaci\u00f3n insular de ajedrez de Gran Canaria\" \/>\n<meta property=\"og:description\" content=\"Abiertas las inscripciones para el XXVIII Torneo Blitz Fiestas del Pino de Teror, Homenaje a Diego Casimiro Cabrera:https:\/\/chess-results.com\/Tnr819151.aspx?lan=2Pueden descargarse las bases y el Cartel del evento, en el enlace anterior, tambi\u00e9n pueden hacer el seguimiento del mismo.Los 100 primeros inscritos se aseguran participar en el torneo, luego entrar\u00e1 una lista de reserva.El Torneo es valedero [&hellip;]\" \/>\n<meta property=\"og:url\" content=\"https:\/\/grancanariaajedrez.es\/index.php\/2023\/09\/27\/xxviii-torneo-blitz-fiestas-del-pino-de-teror\/\" \/>\n<meta property=\"og:site_name\" content=\"Federaci\u00f3n insular de ajedrez de Gran Canaria\" \/>\n<meta property=\"article:publisher\" content=\"https:\/\/www.facebook.com\/people\/Federacion-Ajedrez-Gran-Canaria\/100057093924634\/\" \/>\n<meta property=\"article:published_time\" content=\"2023-09-27T13:00:11+00:00\" \/>\n<meta property=\"article:modified_time\" content=\"2023-10-04T19:21:35+00:00\" \/>\n<meta property=\"og:image\" content=\"https:\/\/grancanariaajedrez.es\/wp-content\/uploads\/2023\/09\/20230916_125607_0000-e1694869472262.png\" \/>\n\t<meta property=\"og:image:width\" content=\"595\" \/>\n\t<meta property=\"og:image:height\" content=\"1060\" \/>\n\t<meta property=\"og:image:type\" content=\"image\/png\" \/>\n<meta name=\"author\" content=\"ADMINGCAJEDREZ\" \/>\n<meta name=\"twitter:card\" content=\"summary_large_image\" \/>\n<meta name=\"twitter:label1\" content=\"Escrito por\" \/>\n\t<meta name=\"twitter:data1\" content=\"ADMINGCAJEDREZ\" \/>\n\t<meta name=\"twitter:label2\" content=\"Tiempo de lectura\" \/>\n\t<meta name=\"twitter:data2\" content=\"1 minuto\" \/>\n<script type=\"application\/ld+json\" class=\"yoast-schema-graph\">{\"@context\":\"https:\\\/\\\/schema.org\",\"@graph\":[{\"@type\":\"Article\",\"@id\":\"https:\\\/\\\/grancanariaajedrez.es\\\/index.php\\\/2023\\\/09\\\/27\\\/xxviii-torneo-blitz-fiestas-del-pino-de-teror\\\/#article\",\"isPartOf\":{\"@id\":\"https:\\\/\\\/grancanariaajedrez.es\\\/index.php\\\/2023\\\/09\\\/27\\\/xxviii-torneo-blitz-fiestas-del-pino-de-teror\\\/\"},\"author\":{\"name\":\"ADMINGCAJEDREZ\",\"@id\":\"https:\\\/\\\/grancanariaajedrez.es\\\/#\\\/schema\\\/person\\\/b0d16fd090201dccaa427fbde3f2b13c\"},\"headline\":\"XXVIII Torneo Blitz Fiestas del Pino de Teror\",\"datePublished\":\"2023-09-27T13:00:11+00:00\",\"dateModified\":\"2023-10-04T19:21:35+00:00\",\"mainEntityOfPage\":{\"@id\":\"https:\\\/\\\/grancanariaajedrez.es\\\/index.php\\\/2023\\\/09\\\/27\\\/xxviii-torneo-blitz-fiestas-del-pino-de-teror\\\/\"},\"wordCount\":112,\"image\":{\"@id\":\"https:\\\/\\\/grancanariaajedrez.es\\\/index.php\\\/2023\\\/09\\\/27\\\/xxviii-torneo-blitz-fiestas-del-pino-de-teror\\\/#primaryimage\"},\"thumbnailUrl\":\"https:\\\/\\\/grancanariaajedrez.es\\\/wp-content\\\/uploads\\\/2023\\\/09\\\/20230916_125607_0000-e1694869472262.png\",\"articleSection\":[\"Portal\"],\"inLanguage\":\"es\"},{\"@type\":\"WebPage\",\"@id\":\"https:\\\/\\\/grancanariaajedrez.es\\\/index.php\\\/2023\\\/09\\\/27\\\/xxviii-torneo-blitz-fiestas-del-pino-de-teror\\\/\",\"url\":\"https:\\\/\\\/grancanariaajedrez.es\\\/index.php\\\/2023\\\/09\\\/27\\\/xxviii-torneo-blitz-fiestas-del-pino-de-teror\\\/\",\"name\":\"XXVIII Torneo Blitz Fiestas del Pino de Teror - Federaci\u00f3n insular de ajedrez de Gran Canaria\",\"isPartOf\":{\"@id\":\"https:\\\/\\\/grancanariaajedrez.es\\\/#website\"},\"primaryImageOfPage\":{\"@id\":\"https:\\\/\\\/grancanariaajedrez.es\\\/index.php\\\/2023\\\/09\\\/27\\\/xxviii-torneo-blitz-fiestas-del-pino-de-teror\\\/#primaryimage\"},\"image\":{\"@id\":\"https:\\\/\\\/grancanariaajedrez.es\\\/index.php\\\/2023\\\/09\\\/27\\\/xxviii-torneo-blitz-fiestas-del-pino-de-teror\\\/#primaryimage\"},\"thumbnailUrl\":\"https:\\\/\\\/grancanariaajedrez.es\\\/wp-content\\\/uploads\\\/2023\\\/09\\\/20230916_125607_0000-e1694869472262.png\",\"datePublished\":\"2023-09-27T13:00:11+00:00\",\"dateModified\":\"2023-10-04T19:21:35+00:00\",\"author\":{\"@id\":\"https:\\\/\\\/grancanariaajedrez.es\\\/#\\\/schema\\\/person\\\/b0d16fd090201dccaa427fbde3f2b13c\"},\"breadcrumb\":{\"@id\":\"https:\\\/\\\/grancanariaajedrez.es\\\/index.php\\\/2023\\\/09\\\/27\\\/xxviii-torneo-blitz-fiestas-del-pino-de-teror\\\/#breadcrumb\"},\"inLanguage\":\"es\",\"potentialAction\":[{\"@type\":\"ReadAction\",\"target\":[\"https:\\\/\\\/grancanariaajedrez.es\\\/index.php\\\/2023\\\/09\\\/27\\\/xxviii-torneo-blitz-fiestas-del-pino-de-teror\\\/\"]}]},{\"@type\":\"ImageObject\",\"inLanguage\":\"es\",\"@id\":\"https:\\\/\\\/grancanariaajedrez.es\\\/index.php\\\/2023\\\/09\\\/27\\\/xxviii-torneo-blitz-fiestas-del-pino-de-teror\\\/#primaryimage\",\"url\":\"https:\\\/\\\/grancanariaajedrez.es\\\/wp-content\\\/uploads\\\/2023\\\/09\\\/20230916_125607_0000-e1694869472262.png\",\"contentUrl\":\"https:\\\/\\\/grancanariaajedrez.es\\\/wp-content\\\/uploads\\\/2023\\\/09\\\/20230916_125607_0000-e1694869472262.png\",\"width\":595,\"height\":1060},{\"@type\":\"BreadcrumbList\",\"@id\":\"https:\\\/\\\/grancanariaajedrez.es\\\/index.php\\\/2023\\\/09\\\/27\\\/xxviii-torneo-blitz-fiestas-del-pino-de-teror\\\/#breadcrumb\",\"itemListElement\":[{\"@type\":\"ListItem\",\"position\":1,\"name\":\"Portada\",\"item\":\"https:\\\/\\\/grancanariaajedrez.es\\\/\"},{\"@type\":\"ListItem\",\"position\":2,\"name\":\"XXVIII Torneo Blitz Fiestas del Pino de Teror\"}]},{\"@type\":\"WebSite\",\"@id\":\"https:\\\/\\\/grancanariaajedrez.es\\\/#website\",\"url\":\"https:\\\/\\\/grancanariaajedrez.es\\\/\",\"name\":\"Grancanariaajedrez.es\",\"description\":\"Federaci\u00f3n insular de ajedrez de Gran Canaria\",\"potentialAction\":[{\"@type\":\"SearchAction\",\"target\":{\"@type\":\"EntryPoint\",\"urlTemplate\":\"https:\\\/\\\/grancanariaajedrez.es\\\/?s={search_term_string}\"},\"query-input\":{\"@type\":\"PropertyValueSpecification\",\"valueRequired\":true,\"valueName\":\"search_term_string\"}}],\"inLanguage\":\"es\"},{\"@type\":\"Person\",\"@id\":\"https:\\\/\\\/grancanariaajedrez.es\\\/#\\\/schema\\\/person\\\/b0d16fd090201dccaa427fbde3f2b13c\",\"name\":\"ADMINGCAJEDREZ\",\"image\":{\"@type\":\"ImageObject\",\"inLanguage\":\"es\",\"@id\":\"https:\\\/\\\/secure.gravatar.com\\\/avatar\\\/1758b5530507ae9055bb2356fa3b8ce80bada4e4a30e86add148f90b29c44667?s=96&d=mm&r=g\",\"url\":\"https:\\\/\\\/secure.gravatar.com\\\/avatar\\\/1758b5530507ae9055bb2356fa3b8ce80bada4e4a30e86add148f90b29c44667?s=96&d=mm&r=g\",\"contentUrl\":\"https:\\\/\\\/secure.gravatar.com\\\/avatar\\\/1758b5530507ae9055bb2356fa3b8ce80bada4e4a30e86add148f90b29c44667?s=96&d=mm&r=g\",\"caption\":\"ADMINGCAJEDREZ\"},\"url\":\"https:\\\/\\\/grancanariaajedrez.es\\\/index.php\\\/author\\\/admingcajedrez\\\/\"}]}<\/script>\n<!-- \/ Yoast SEO plugin. -->","yoast_head_json":{"title":"XXVIII Torneo Blitz Fiestas del Pino de Teror - Federaci\u00f3n insular de ajedrez de Gran Canaria","robots":{"index":"index","follow":"follow","max-snippet":"max-snippet:-1","max-image-preview":"max-image-preview:large","max-video-preview":"max-video-preview:-1"},"canonical":"https:\/\/grancanariaajedrez.es\/index.php\/2023\/09\/27\/xxviii-torneo-blitz-fiestas-del-pino-de-teror\/","og_locale":"es_ES","og_type":"article","og_title":"XXVIII Torneo Blitz Fiestas del Pino de Teror - Federaci\u00f3n insular de ajedrez de Gran Canaria","og_description":"Abiertas las inscripciones para el XXVIII Torneo Blitz Fiestas del Pino de Teror, Homenaje a Diego Casimiro Cabrera:https:\/\/chess-results.com\/Tnr819151.aspx?lan=2Pueden descargarse las bases y el Cartel del evento, en el enlace anterior, tambi\u00e9n pueden hacer el seguimiento del mismo.Los 100 primeros inscritos se aseguran participar en el torneo, luego entrar\u00e1 una lista de reserva.El Torneo es valedero [&hellip;]","og_url":"https:\/\/grancanariaajedrez.es\/index.php\/2023\/09\/27\/xxviii-torneo-blitz-fiestas-del-pino-de-teror\/","og_site_name":"Federaci\u00f3n insular de ajedrez de Gran Canaria","article_publisher":"https:\/\/www.facebook.com\/people\/Federacion-Ajedrez-Gran-Canaria\/100057093924634\/","article_published_time":"2023-09-27T13:00:11+00:00","article_modified_time":"2023-10-04T19:21:35+00:00","og_image":[{"width":595,"height":1060,"url":"https:\/\/grancanariaajedrez.es\/wp-content\/uploads\/2023\/09\/20230916_125607_0000-e1694869472262.png","type":"image\/png"}],"author":"ADMINGCAJEDREZ","twitter_card":"summary_large_image","twitter_misc":{"Escrito por":"ADMINGCAJEDREZ","Tiempo de lectura":"1 minuto"},"schema":{"@context":"https:\/\/schema.org","@graph":[{"@type":"Article","@id":"https:\/\/grancanariaajedrez.es\/index.php\/2023\/09\/27\/xxviii-torneo-blitz-fiestas-del-pino-de-teror\/#article","isPartOf":{"@id":"https:\/\/grancanariaajedrez.es\/index.php\/2023\/09\/27\/xxviii-torneo-blitz-fiestas-del-pino-de-teror\/"},"author":{"name":"ADMINGCAJEDREZ","@id":"https:\/\/grancanariaajedrez.es\/#\/schema\/person\/b0d16fd090201dccaa427fbde3f2b13c"},"headline":"XXVIII Torneo Blitz Fiestas del Pino de Teror","datePublished":"2023-09-27T13:00:11+00:00","dateModified":"2023-10-04T19:21:35+00:00","mainEntityOfPage":{"@id":"https:\/\/grancanariaajedrez.es\/index.php\/2023\/09\/27\/xxviii-torneo-blitz-fiestas-del-pino-de-teror\/"},"wordCount":112,"image":{"@id":"https:\/\/grancanariaajedrez.es\/index.php\/2023\/09\/27\/xxviii-torneo-blitz-fiestas-del-pino-de-teror\/#primaryimage"},"thumbnailUrl":"https:\/\/grancanariaajedrez.es\/wp-content\/uploads\/2023\/09\/20230916_125607_0000-e1694869472262.png","articleSection":["Portal"],"inLanguage":"es"},{"@type":"WebPage","@id":"https:\/\/grancanariaajedrez.es\/index.php\/2023\/09\/27\/xxviii-torneo-blitz-fiestas-del-pino-de-teror\/","url":"https:\/\/grancanariaajedrez.es\/index.php\/2023\/09\/27\/xxviii-torneo-blitz-fiestas-del-pino-de-teror\/","name":"XXVIII Torneo Blitz Fiestas del Pino de Teror - Federaci\u00f3n insular de ajedrez de Gran Canaria","isPartOf":{"@id":"https:\/\/grancanariaajedrez.es\/#website"},"primaryImageOfPage":{"@id":"https:\/\/grancanariaajedrez.es\/index.php\/2023\/09\/27\/xxviii-torneo-blitz-fiestas-del-pino-de-teror\/#primaryimage"},"image":{"@id":"https:\/\/grancanariaajedrez.es\/index.php\/2023\/09\/27\/xxviii-torneo-blitz-fiestas-del-pino-de-teror\/#primaryimage"},"thumbnailUrl":"https:\/\/grancanariaajedrez.es\/wp-content\/uploads\/2023\/09\/20230916_125607_0000-e1694869472262.png","datePublished":"2023-09-27T13:00:11+00:00","dateModified":"2023-10-04T19:21:35+00:00","author":{"@id":"https:\/\/grancanariaajedrez.es\/#\/schema\/person\/b0d16fd090201dccaa427fbde3f2b13c"},"breadcrumb":{"@id":"https:\/\/grancanariaajedrez.es\/index.php\/2023\/09\/27\/xxviii-torneo-blitz-fiestas-del-pino-de-teror\/#breadcrumb"},"inLanguage":"es","potentialAction":[{"@type":"ReadAction","target":["https:\/\/grancanariaajedrez.es\/index.php\/2023\/09\/27\/xxviii-torneo-blitz-fiestas-del-pino-de-teror\/"]}]},{"@type":"ImageObject","inLanguage":"es","@id":"https:\/\/grancanariaajedrez.es\/index.php\/2023\/09\/27\/xxviii-torneo-blitz-fiestas-del-pino-de-teror\/#primaryimage","url":"https:\/\/grancanariaajedrez.es\/wp-content\/uploads\/2023\/09\/20230916_125607_0000-e1694869472262.png","contentUrl":"https:\/\/grancanariaajedrez.es\/wp-content\/uploads\/2023\/09\/20230916_125607_0000-e1694869472262.png","width":595,"height":1060},{"@type":"BreadcrumbList","@id":"https:\/\/grancanariaajedrez.es\/index.php\/2023\/09\/27\/xxviii-torneo-blitz-fiestas-del-pino-de-teror\/#breadcrumb","itemListElement":[{"@type":"ListItem","position":1,"name":"Portada","item":"https:\/\/grancanariaajedrez.es\/"},{"@type":"ListItem","position":2,"name":"XXVIII Torneo Blitz Fiestas del Pino de Teror"}]},{"@type":"WebSite","@id":"https:\/\/grancanariaajedrez.es\/#website","url":"https:\/\/grancanariaajedrez.es\/","name":"Grancanariaajedrez.es","description":"Federaci\u00f3n insular de ajedrez de Gran Canaria","potentialAction":[{"@type":"SearchAction","target":{"@type":"EntryPoint","urlTemplate":"https:\/\/grancanariaajedrez.es\/?s={search_term_string}"},"query-input":{"@type":"PropertyValueSpecification","valueRequired":true,"valueName":"search_term_string"}}],"inLanguage":"es"},{"@type":"Person","@id":"https:\/\/grancanariaajedrez.es\/#\/schema\/person\/b0d16fd090201dccaa427fbde3f2b13c","name":"ADMINGCAJEDREZ","image":{"@type":"ImageObject","inLanguage":"es","@id":"https:\/\/secure.gravatar.com\/avatar\/1758b5530507ae9055bb2356fa3b8ce80bada4e4a30e86add148f90b29c44667?s=96&d=mm&r=g","url":"https:\/\/secure.gravatar.com\/avatar\/1758b5530507ae9055bb2356fa3b8ce80bada4e4a30e86add148f90b29c44667?s=96&d=mm&r=g","contentUrl":"https:\/\/secure.gravatar.com\/avatar\/1758b5530507ae9055bb2356fa3b8ce80bada4e4a30e86add148f90b29c44667?s=96&d=mm&r=g","caption":"ADMINGCAJEDREZ"},"url":"https:\/\/grancanariaajedrez.es\/index.php\/author\/admingcajedrez\/"}]}},"_links":{"self":[{"href":"https:\/\/grancanariaajedrez.es\/index.php\/wp-json\/wp\/v2\/posts\/2086","targetHints":{"allow":["GET"]}}],"collection":[{"href":"https:\/\/grancanariaajedrez.es\/index.php\/wp-json\/wp\/v2\/posts"}],"about":[{"href":"https:\/\/grancanariaajedrez.es\/index.php\/wp-json\/wp\/v2\/types\/post"}],"author":[{"embeddable":true,"href":"https:\/\/grancanariaajedrez.es\/index.php\/wp-json\/wp\/v2\/users\/4"}],"replies":[{"embeddable":true,"href":"https:\/\/grancanariaajedrez.es\/index.php\/wp-json\/wp\/v2\/comments?post=2086"}],"version-history":[{"count":5,"href":"https:\/\/grancanariaajedrez.es\/index.php\/wp-json\/wp\/v2\/posts\/2086\/revisions"}],"predecessor-version":[{"id":2179,"href":"https:\/\/grancanariaajedrez.es\/index.php\/wp-json\/wp\/v2\/posts\/2086\/revisions\/2179"}],"wp:featuredmedia":[{"embeddable":true,"href":"https:\/\/grancanariaajedrez.es\/index.php\/wp-json\/wp\/v2\/media\/2087"}],"wp:attachment":[{"href":"https:\/\/grancanariaajedrez.es\/index.php\/wp-json\/wp\/v2\/media?parent=2086"}],"wp:term":[{"taxonomy":"category","embeddable":true,"href":"https:\/\/grancanariaajedrez.es\/index.php\/wp-json\/wp\/v2\/categories?post=2086"},{"taxonomy":"post_tag","embeddable":true,"href":"https:\/\/grancanariaajedrez.es\/index.php\/wp-json\/wp\/v2\/tags?post=2086"}],"curies":[{"name":"wp","href":"https:\/\/api.w.org\/{rel}","templated":true}]}}