{"id":2009,"date":"2023-09-02T07:37:53","date_gmt":"2023-09-02T07:37:53","guid":{"rendered":"https:\/\/grancanariaajedrez.es\/?p=2009"},"modified":"2023-09-02T07:45:04","modified_gmt":"2023-09-02T07:45:04","slug":"memorial-bent-larsen","status":"publish","type":"post","link":"https:\/\/grancanariaajedrez.es\/index.php\/2023\/09\/02\/memorial-bent-larsen\/","title":{"rendered":"MEMORIAL BENT LARSEN"},"content":{"rendered":"\n<p class=\"has-medium-font-size\"><strong>El Club de Ajedrez Fundaci\u00f3n La Caja ha preparado un evento muy especial en honor al legendario Gran Maestro dan\u00e9s Bent Larsen, una semana llena de actividades para conmemorar su legado. Los d\u00edas martes 5, jueves 7 y s\u00e1bado 9 de septiembre, prep\u00e1rate para disfrutar de las partidas m\u00e1s memorables y vida de uno de los mejores jugadores de la historia del ajedrez<\/strong><\/p>\n\n\n\n<p class=\"has-medium-font-size\"><strong>Para cualquier informaci\u00f3n, o sugerencia relativa a la Semana \u201cMemorial Bent Larsen\u201d, el club de ajedrez Fundaci\u00f3n La Caja se pondr\u00e1 a su  disposici\u00f3n a trav\u00e9s de su web https:\/\/www.cajadeajedrez.com | correo electr\u00f3nico: contacto@cajadeajedrez.com <\/strong><\/p>\n\n\n\n<hr class=\"wp-block-separator has-css-opacity is-style-default\"\/>\n\n\n\n<figure class=\"wp-block-image aligncenter size-full is-resized is-style-rounded\"><img decoding=\"async\" src=\"https:\/\/grancanariaajedrez.es\/wp-content\/uploads\/2023\/09\/larsen.jpeg\" alt=\"\" class=\"wp-image-2011\" style=\"width:150px;height:150px\" width=\"150\" height=\"150\"\/><\/figure>\n\n\n\n<blockquote class=\"wp-block-quote has-text-align-center is-style-large is-layout-flow wp-block-quote-is-layout-flow\">\n<p>\u00abEl ajedrez es mi vida, pero mi vida no es solo el ajedrez..\u00bb<\/p>\n<cite>\u2014 Bent Larsen<\/cite><\/blockquote>\n\n\n\n<hr class=\"wp-block-separator has-css-opacity is-style-default\"\/>\n\n\n\n<figure class=\"wp-block-image alignleft size-large is-resized\"><img fetchpriority=\"high\" decoding=\"async\" src=\"https:\/\/grancanariaajedrez.es\/wp-content\/uploads\/2023\/09\/01-724x1024.jpeg\" alt=\"\" class=\"wp-image-2015\" style=\"width:604px;height:855px\" width=\"604\" height=\"855\" srcset=\"https:\/\/grancanariaajedrez.es\/wp-content\/uploads\/2023\/09\/01-724x1024.jpeg 724w, https:\/\/grancanariaajedrez.es\/wp-content\/uploads\/2023\/09\/01-212x300.jpeg 212w, https:\/\/grancanariaajedrez.es\/wp-content\/uploads\/2023\/09\/01-768x1086.jpeg 768w, https:\/\/grancanariaajedrez.es\/wp-content\/uploads\/2023\/09\/01-1086x1536.jpeg 1086w, https:\/\/grancanariaajedrez.es\/wp-content\/uploads\/2023\/09\/01.jpeg 1131w\" sizes=\"(max-width: 604px) 100vw, 604px\" \/><\/figure>\n\n\n<figure style=\"aspect-ratio:auto;width:600px;height:842px;\" class=\"alignleft wp-block-post-featured-image\"><img decoding=\"async\" width=\"600\" height=\"842\" src=\"https:\/\/grancanariaajedrez.es\/wp-content\/uploads\/2023\/09\/02.jpg\" class=\"attachment-post-thumbnail size-post-thumbnail wp-post-image\" alt=\"\" style=\"width:100%;height:100%;object-fit:cover;\" srcset=\"https:\/\/grancanariaajedrez.es\/wp-content\/uploads\/2023\/09\/02.jpg 600w, https:\/\/grancanariaajedrez.es\/wp-content\/uploads\/2023\/09\/02-214x300.jpg 214w\" sizes=\"(max-width: 600px) 100vw, 600px\" \/><\/figure>","protected":false},"excerpt":{"rendered":"<p>El Club de Ajedrez Fundaci\u00f3n La Caja ha preparado un evento muy especial en honor al legendario Gran Maestro dan\u00e9s Bent Larsen, una semana llena de actividades para conmemorar su legado. Los d\u00edas martes 5, jueves 7 y s\u00e1bado 9 de septiembre, prep\u00e1rate para disfrutar de las partidas m\u00e1s memorables y vida de uno de [&hellip;]<\/p>\n","protected":false},"author":4,"featured_media":2013,"comment_status":"closed","ping_status":"open","sticky":false,"template":"","format":"standard","meta":{"ngg_post_thumbnail":0,"footnotes":""},"categories":[34],"tags":[],"class_list":["post-2009","post","type-post","status-publish","format-standard","has-post-thumbnail","hentry","category-charlas-y-conferencias"],"yoast_head":"<!-- This site is optimized with the Yoast SEO plugin v27.5 - https:\/\/yoast.com\/product\/yoast-seo-wordpress\/ -->\n<title>MEMORIAL BENT LARSEN - Federaci\u00f3n insular de ajedrez de Gran Canaria<\/title>\n<meta name=\"robots\" content=\"index, follow, max-snippet:-1, max-image-preview:large, max-video-preview:-1\" \/>\n<link rel=\"canonical\" href=\"https:\/\/grancanariaajedrez.es\/index.php\/2023\/09\/02\/memorial-bent-larsen\/\" \/>\n<meta property=\"og:locale\" content=\"es_ES\" \/>\n<meta property=\"og:type\" content=\"article\" \/>\n<meta property=\"og:title\" content=\"MEMORIAL BENT LARSEN - Federaci\u00f3n insular de ajedrez de Gran Canaria\" \/>\n<meta property=\"og:description\" content=\"El Club de Ajedrez Fundaci\u00f3n La Caja ha preparado un evento muy especial en honor al legendario Gran Maestro dan\u00e9s Bent Larsen, una semana llena de actividades para conmemorar su legado. Los d\u00edas martes 5, jueves 7 y s\u00e1bado 9 de septiembre, prep\u00e1rate para disfrutar de las partidas m\u00e1s memorables y vida de uno de [&hellip;]\" \/>\n<meta property=\"og:url\" content=\"https:\/\/grancanariaajedrez.es\/index.php\/2023\/09\/02\/memorial-bent-larsen\/\" \/>\n<meta property=\"og:site_name\" content=\"Federaci\u00f3n insular de ajedrez de Gran Canaria\" \/>\n<meta property=\"article:publisher\" content=\"https:\/\/www.facebook.com\/people\/Federacion-Ajedrez-Gran-Canaria\/100057093924634\/\" \/>\n<meta property=\"article:published_time\" content=\"2023-09-02T07:37:53+00:00\" \/>\n<meta property=\"article:modified_time\" content=\"2023-09-02T07:45:04+00:00\" \/>\n<meta property=\"og:image\" content=\"https:\/\/grancanariaajedrez.es\/wp-content\/uploads\/2023\/09\/02.jpg\" \/>\n\t<meta property=\"og:image:width\" content=\"600\" \/>\n\t<meta property=\"og:image:height\" content=\"842\" \/>\n\t<meta property=\"og:image:type\" content=\"image\/jpeg\" \/>\n<meta name=\"author\" content=\"ADMINGCAJEDREZ\" \/>\n<meta name=\"twitter:card\" content=\"summary_large_image\" \/>\n<meta name=\"twitter:label1\" content=\"Escrito por\" \/>\n\t<meta name=\"twitter:data1\" content=\"ADMINGCAJEDREZ\" \/>\n\t<meta name=\"twitter:label2\" content=\"Tiempo de lectura\" \/>\n\t<meta name=\"twitter:data2\" content=\"1 minuto\" \/>\n<script type=\"application\/ld+json\" class=\"yoast-schema-graph\">{\"@context\":\"https:\\\/\\\/schema.org\",\"@graph\":[{\"@type\":\"Article\",\"@id\":\"https:\\\/\\\/grancanariaajedrez.es\\\/index.php\\\/2023\\\/09\\\/02\\\/memorial-bent-larsen\\\/#article\",\"isPartOf\":{\"@id\":\"https:\\\/\\\/grancanariaajedrez.es\\\/index.php\\\/2023\\\/09\\\/02\\\/memorial-bent-larsen\\\/\"},\"author\":{\"name\":\"ADMINGCAJEDREZ\",\"@id\":\"https:\\\/\\\/grancanariaajedrez.es\\\/#\\\/schema\\\/person\\\/b0d16fd090201dccaa427fbde3f2b13c\"},\"headline\":\"MEMORIAL BENT LARSEN\",\"datePublished\":\"2023-09-02T07:37:53+00:00\",\"dateModified\":\"2023-09-02T07:45:04+00:00\",\"mainEntityOfPage\":{\"@id\":\"https:\\\/\\\/grancanariaajedrez.es\\\/index.php\\\/2023\\\/09\\\/02\\\/memorial-bent-larsen\\\/\"},\"wordCount\":127,\"image\":{\"@id\":\"https:\\\/\\\/grancanariaajedrez.es\\\/index.php\\\/2023\\\/09\\\/02\\\/memorial-bent-larsen\\\/#primaryimage\"},\"thumbnailUrl\":\"https:\\\/\\\/grancanariaajedrez.es\\\/wp-content\\\/uploads\\\/2023\\\/09\\\/02.jpg\",\"articleSection\":[\"Charlas y Conferencias\"],\"inLanguage\":\"es\"},{\"@type\":\"WebPage\",\"@id\":\"https:\\\/\\\/grancanariaajedrez.es\\\/index.php\\\/2023\\\/09\\\/02\\\/memorial-bent-larsen\\\/\",\"url\":\"https:\\\/\\\/grancanariaajedrez.es\\\/index.php\\\/2023\\\/09\\\/02\\\/memorial-bent-larsen\\\/\",\"name\":\"MEMORIAL BENT LARSEN - Federaci\u00f3n insular de ajedrez de Gran Canaria\",\"isPartOf\":{\"@id\":\"https:\\\/\\\/grancanariaajedrez.es\\\/#website\"},\"primaryImageOfPage\":{\"@id\":\"https:\\\/\\\/grancanariaajedrez.es\\\/index.php\\\/2023\\\/09\\\/02\\\/memorial-bent-larsen\\\/#primaryimage\"},\"image\":{\"@id\":\"https:\\\/\\\/grancanariaajedrez.es\\\/index.php\\\/2023\\\/09\\\/02\\\/memorial-bent-larsen\\\/#primaryimage\"},\"thumbnailUrl\":\"https:\\\/\\\/grancanariaajedrez.es\\\/wp-content\\\/uploads\\\/2023\\\/09\\\/02.jpg\",\"datePublished\":\"2023-09-02T07:37:53+00:00\",\"dateModified\":\"2023-09-02T07:45:04+00:00\",\"author\":{\"@id\":\"https:\\\/\\\/grancanariaajedrez.es\\\/#\\\/schema\\\/person\\\/b0d16fd090201dccaa427fbde3f2b13c\"},\"breadcrumb\":{\"@id\":\"https:\\\/\\\/grancanariaajedrez.es\\\/index.php\\\/2023\\\/09\\\/02\\\/memorial-bent-larsen\\\/#breadcrumb\"},\"inLanguage\":\"es\",\"potentialAction\":[{\"@type\":\"ReadAction\",\"target\":[\"https:\\\/\\\/grancanariaajedrez.es\\\/index.php\\\/2023\\\/09\\\/02\\\/memorial-bent-larsen\\\/\"]}]},{\"@type\":\"ImageObject\",\"inLanguage\":\"es\",\"@id\":\"https:\\\/\\\/grancanariaajedrez.es\\\/index.php\\\/2023\\\/09\\\/02\\\/memorial-bent-larsen\\\/#primaryimage\",\"url\":\"https:\\\/\\\/grancanariaajedrez.es\\\/wp-content\\\/uploads\\\/2023\\\/09\\\/02.jpg\",\"contentUrl\":\"https:\\\/\\\/grancanariaajedrez.es\\\/wp-content\\\/uploads\\\/2023\\\/09\\\/02.jpg\",\"width\":600,\"height\":842},{\"@type\":\"BreadcrumbList\",\"@id\":\"https:\\\/\\\/grancanariaajedrez.es\\\/index.php\\\/2023\\\/09\\\/02\\\/memorial-bent-larsen\\\/#breadcrumb\",\"itemListElement\":[{\"@type\":\"ListItem\",\"position\":1,\"name\":\"Portada\",\"item\":\"https:\\\/\\\/grancanariaajedrez.es\\\/\"},{\"@type\":\"ListItem\",\"position\":2,\"name\":\"MEMORIAL BENT LARSEN\"}]},{\"@type\":\"WebSite\",\"@id\":\"https:\\\/\\\/grancanariaajedrez.es\\\/#website\",\"url\":\"https:\\\/\\\/grancanariaajedrez.es\\\/\",\"name\":\"Grancanariaajedrez.es\",\"description\":\"Federaci\u00f3n insular de ajedrez de Gran Canaria\",\"potentialAction\":[{\"@type\":\"SearchAction\",\"target\":{\"@type\":\"EntryPoint\",\"urlTemplate\":\"https:\\\/\\\/grancanariaajedrez.es\\\/?s={search_term_string}\"},\"query-input\":{\"@type\":\"PropertyValueSpecification\",\"valueRequired\":true,\"valueName\":\"search_term_string\"}}],\"inLanguage\":\"es\"},{\"@type\":\"Person\",\"@id\":\"https:\\\/\\\/grancanariaajedrez.es\\\/#\\\/schema\\\/person\\\/b0d16fd090201dccaa427fbde3f2b13c\",\"name\":\"ADMINGCAJEDREZ\",\"image\":{\"@type\":\"ImageObject\",\"inLanguage\":\"es\",\"@id\":\"https:\\\/\\\/secure.gravatar.com\\\/avatar\\\/1758b5530507ae9055bb2356fa3b8ce80bada4e4a30e86add148f90b29c44667?s=96&d=mm&r=g\",\"url\":\"https:\\\/\\\/secure.gravatar.com\\\/avatar\\\/1758b5530507ae9055bb2356fa3b8ce80bada4e4a30e86add148f90b29c44667?s=96&d=mm&r=g\",\"contentUrl\":\"https:\\\/\\\/secure.gravatar.com\\\/avatar\\\/1758b5530507ae9055bb2356fa3b8ce80bada4e4a30e86add148f90b29c44667?s=96&d=mm&r=g\",\"caption\":\"ADMINGCAJEDREZ\"},\"url\":\"https:\\\/\\\/grancanariaajedrez.es\\\/index.php\\\/author\\\/admingcajedrez\\\/\"}]}<\/script>\n<!-- \/ Yoast SEO plugin. -->","yoast_head_json":{"title":"MEMORIAL BENT LARSEN - Federaci\u00f3n insular de ajedrez de Gran Canaria","robots":{"index":"index","follow":"follow","max-snippet":"max-snippet:-1","max-image-preview":"max-image-preview:large","max-video-preview":"max-video-preview:-1"},"canonical":"https:\/\/grancanariaajedrez.es\/index.php\/2023\/09\/02\/memorial-bent-larsen\/","og_locale":"es_ES","og_type":"article","og_title":"MEMORIAL BENT LARSEN - Federaci\u00f3n insular de ajedrez de Gran Canaria","og_description":"El Club de Ajedrez Fundaci\u00f3n La Caja ha preparado un evento muy especial en honor al legendario Gran Maestro dan\u00e9s Bent Larsen, una semana llena de actividades para conmemorar su legado. Los d\u00edas martes 5, jueves 7 y s\u00e1bado 9 de septiembre, prep\u00e1rate para disfrutar de las partidas m\u00e1s memorables y vida de uno de [&hellip;]","og_url":"https:\/\/grancanariaajedrez.es\/index.php\/2023\/09\/02\/memorial-bent-larsen\/","og_site_name":"Federaci\u00f3n insular de ajedrez de Gran Canaria","article_publisher":"https:\/\/www.facebook.com\/people\/Federacion-Ajedrez-Gran-Canaria\/100057093924634\/","article_published_time":"2023-09-02T07:37:53+00:00","article_modified_time":"2023-09-02T07:45:04+00:00","og_image":[{"width":600,"height":842,"url":"https:\/\/grancanariaajedrez.es\/wp-content\/uploads\/2023\/09\/02.jpg","type":"image\/jpeg"}],"author":"ADMINGCAJEDREZ","twitter_card":"summary_large_image","twitter_misc":{"Escrito por":"ADMINGCAJEDREZ","Tiempo de lectura":"1 minuto"},"schema":{"@context":"https:\/\/schema.org","@graph":[{"@type":"Article","@id":"https:\/\/grancanariaajedrez.es\/index.php\/2023\/09\/02\/memorial-bent-larsen\/#article","isPartOf":{"@id":"https:\/\/grancanariaajedrez.es\/index.php\/2023\/09\/02\/memorial-bent-larsen\/"},"author":{"name":"ADMINGCAJEDREZ","@id":"https:\/\/grancanariaajedrez.es\/#\/schema\/person\/b0d16fd090201dccaa427fbde3f2b13c"},"headline":"MEMORIAL BENT LARSEN","datePublished":"2023-09-02T07:37:53+00:00","dateModified":"2023-09-02T07:45:04+00:00","mainEntityOfPage":{"@id":"https:\/\/grancanariaajedrez.es\/index.php\/2023\/09\/02\/memorial-bent-larsen\/"},"wordCount":127,"image":{"@id":"https:\/\/grancanariaajedrez.es\/index.php\/2023\/09\/02\/memorial-bent-larsen\/#primaryimage"},"thumbnailUrl":"https:\/\/grancanariaajedrez.es\/wp-content\/uploads\/2023\/09\/02.jpg","articleSection":["Charlas y Conferencias"],"inLanguage":"es"},{"@type":"WebPage","@id":"https:\/\/grancanariaajedrez.es\/index.php\/2023\/09\/02\/memorial-bent-larsen\/","url":"https:\/\/grancanariaajedrez.es\/index.php\/2023\/09\/02\/memorial-bent-larsen\/","name":"MEMORIAL BENT LARSEN - Federaci\u00f3n insular de ajedrez de Gran Canaria","isPartOf":{"@id":"https:\/\/grancanariaajedrez.es\/#website"},"primaryImageOfPage":{"@id":"https:\/\/grancanariaajedrez.es\/index.php\/2023\/09\/02\/memorial-bent-larsen\/#primaryimage"},"image":{"@id":"https:\/\/grancanariaajedrez.es\/index.php\/2023\/09\/02\/memorial-bent-larsen\/#primaryimage"},"thumbnailUrl":"https:\/\/grancanariaajedrez.es\/wp-content\/uploads\/2023\/09\/02.jpg","datePublished":"2023-09-02T07:37:53+00:00","dateModified":"2023-09-02T07:45:04+00:00","author":{"@id":"https:\/\/grancanariaajedrez.es\/#\/schema\/person\/b0d16fd090201dccaa427fbde3f2b13c"},"breadcrumb":{"@id":"https:\/\/grancanariaajedrez.es\/index.php\/2023\/09\/02\/memorial-bent-larsen\/#breadcrumb"},"inLanguage":"es","potentialAction":[{"@type":"ReadAction","target":["https:\/\/grancanariaajedrez.es\/index.php\/2023\/09\/02\/memorial-bent-larsen\/"]}]},{"@type":"ImageObject","inLanguage":"es","@id":"https:\/\/grancanariaajedrez.es\/index.php\/2023\/09\/02\/memorial-bent-larsen\/#primaryimage","url":"https:\/\/grancanariaajedrez.es\/wp-content\/uploads\/2023\/09\/02.jpg","contentUrl":"https:\/\/grancanariaajedrez.es\/wp-content\/uploads\/2023\/09\/02.jpg","width":600,"height":842},{"@type":"BreadcrumbList","@id":"https:\/\/grancanariaajedrez.es\/index.php\/2023\/09\/02\/memorial-bent-larsen\/#breadcrumb","itemListElement":[{"@type":"ListItem","position":1,"name":"Portada","item":"https:\/\/grancanariaajedrez.es\/"},{"@type":"ListItem","position":2,"name":"MEMORIAL BENT LARSEN"}]},{"@type":"WebSite","@id":"https:\/\/grancanariaajedrez.es\/#website","url":"https:\/\/grancanariaajedrez.es\/","name":"Grancanariaajedrez.es","description":"Federaci\u00f3n insular de ajedrez de Gran Canaria","potentialAction":[{"@type":"SearchAction","target":{"@type":"EntryPoint","urlTemplate":"https:\/\/grancanariaajedrez.es\/?s={search_term_string}"},"query-input":{"@type":"PropertyValueSpecification","valueRequired":true,"valueName":"search_term_string"}}],"inLanguage":"es"},{"@type":"Person","@id":"https:\/\/grancanariaajedrez.es\/#\/schema\/person\/b0d16fd090201dccaa427fbde3f2b13c","name":"ADMINGCAJEDREZ","image":{"@type":"ImageObject","inLanguage":"es","@id":"https:\/\/secure.gravatar.com\/avatar\/1758b5530507ae9055bb2356fa3b8ce80bada4e4a30e86add148f90b29c44667?s=96&d=mm&r=g","url":"https:\/\/secure.gravatar.com\/avatar\/1758b5530507ae9055bb2356fa3b8ce80bada4e4a30e86add148f90b29c44667?s=96&d=mm&r=g","contentUrl":"https:\/\/secure.gravatar.com\/avatar\/1758b5530507ae9055bb2356fa3b8ce80bada4e4a30e86add148f90b29c44667?s=96&d=mm&r=g","caption":"ADMINGCAJEDREZ"},"url":"https:\/\/grancanariaajedrez.es\/index.php\/author\/admingcajedrez\/"}]}},"_links":{"self":[{"href":"https:\/\/grancanariaajedrez.es\/index.php\/wp-json\/wp\/v2\/posts\/2009","targetHints":{"allow":["GET"]}}],"collection":[{"href":"https:\/\/grancanariaajedrez.es\/index.php\/wp-json\/wp\/v2\/posts"}],"about":[{"href":"https:\/\/grancanariaajedrez.es\/index.php\/wp-json\/wp\/v2\/types\/post"}],"author":[{"embeddable":true,"href":"https:\/\/grancanariaajedrez.es\/index.php\/wp-json\/wp\/v2\/users\/4"}],"replies":[{"embeddable":true,"href":"https:\/\/grancanariaajedrez.es\/index.php\/wp-json\/wp\/v2\/comments?post=2009"}],"version-history":[{"count":6,"href":"https:\/\/grancanariaajedrez.es\/index.php\/wp-json\/wp\/v2\/posts\/2009\/revisions"}],"predecessor-version":[{"id":2041,"href":"https:\/\/grancanariaajedrez.es\/index.php\/wp-json\/wp\/v2\/posts\/2009\/revisions\/2041"}],"wp:featuredmedia":[{"embeddable":true,"href":"https:\/\/grancanariaajedrez.es\/index.php\/wp-json\/wp\/v2\/media\/2013"}],"wp:attachment":[{"href":"https:\/\/grancanariaajedrez.es\/index.php\/wp-json\/wp\/v2\/media?parent=2009"}],"wp:term":[{"taxonomy":"category","embeddable":true,"href":"https:\/\/grancanariaajedrez.es\/index.php\/wp-json\/wp\/v2\/categories?post=2009"},{"taxonomy":"post_tag","embeddable":true,"href":"https:\/\/grancanariaajedrez.es\/index.php\/wp-json\/wp\/v2\/tags?post=2009"}],"curies":[{"name":"wp","href":"https:\/\/api.w.org\/{rel}","templated":true}]}}