{"id":1999,"date":"2023-09-01T19:05:51","date_gmt":"2023-09-01T19:05:51","guid":{"rendered":"https:\/\/grancanariaajedrez.es\/?p=1999"},"modified":"2023-09-01T19:06:52","modified_gmt":"2023-09-01T19:06:52","slug":"convocatoria-del-curso-y-examen-de-arbitro-autonomico-de-la-federacion-canaria-de-ajedrez","status":"publish","type":"post","link":"https:\/\/grancanariaajedrez.es\/index.php\/2023\/09\/01\/convocatoria-del-curso-y-examen-de-arbitro-autonomico-de-la-federacion-canaria-de-ajedrez\/","title":{"rendered":"CONVOCATORIA DEL CURSO Y EXAMEN DE \u00c1RBITRO AUTON\u00d3MICO DE LA FEDERACI\u00d3N CANARIA DE AJEDREZ."},"content":{"rendered":"\n<p class=\"has-medium-font-size\"><strong>Se adjunta comunicado de la FCA sobre las bases de la pr\u00f3xima convocatoria del curso y examen de \u00e1rbitro auton\u00f3mico, que tendr\u00e1 lugar en Tenerife y Fuerteventura en el mes de octubre los d\u00edas  y 21 y 22.<\/strong><\/p>\n\n\n\n<hr class=\"wp-block-separator has-alpha-channel-opacity\"\/>\n\n\n<figure class=\"wp-block-post-featured-image\"><img fetchpriority=\"high\" decoding=\"async\" width=\"380\" height=\"475\" src=\"https:\/\/grancanariaajedrez.es\/wp-content\/uploads\/2023\/09\/Ajedrez-e1693595022245.png\" class=\"attachment-post-thumbnail size-post-thumbnail wp-post-image\" alt=\"\" style=\"object-fit:cover;\" \/><\/figure>\n\n\n<figure class=\"wp-block-image size-large is-resized\"><img decoding=\"async\" src=\"https:\/\/grancanariaajedrez.es\/wp-content\/uploads\/2023\/09\/Ajedrez-1-819x1024.png\" alt=\"\" class=\"wp-image-2002\" style=\"width:403px;height:504px\" width=\"403\" height=\"504\" srcset=\"https:\/\/grancanariaajedrez.es\/wp-content\/uploads\/2023\/09\/Ajedrez-1-819x1024.png 819w, https:\/\/grancanariaajedrez.es\/wp-content\/uploads\/2023\/09\/Ajedrez-1-240x300.png 240w, https:\/\/grancanariaajedrez.es\/wp-content\/uploads\/2023\/09\/Ajedrez-1-768x960.png 768w, https:\/\/grancanariaajedrez.es\/wp-content\/uploads\/2023\/09\/Ajedrez-1.png 1080w\" sizes=\"(max-width: 403px) 100vw, 403px\" \/><\/figure>\n\n\n\n<div data-wp-interactive=\"core\/file\" class=\"wp-block-file\"><object data-wp-bind--hidden=\"!state.hasPdfPreview\" hidden class=\"wp-block-file__embed\" data=\"https:\/\/grancanariaajedrez.es\/wp-content\/uploads\/2023\/09\/Comunicado-04-23-CTA-de-la-FCA-Convocatoria-Curso-Examen-AA_FIRMADO.pdf\" type=\"application\/pdf\" style=\"width:100%;height:600px\" aria-label=\"Incrustado de Comunicado-04-23-CTA-de-la-FCA-Convocatoria-Curso-Examen-AA_FIRMADO.\"><\/object><a id=\"wp-block-file--media-17349bfa-bbb7-4cc8-8358-7e4f4d3660a0\" href=\"https:\/\/grancanariaajedrez.es\/wp-content\/uploads\/2023\/09\/Comunicado-04-23-CTA-de-la-FCA-Convocatoria-Curso-Examen-AA_FIRMADO.pdf\">Comunicado-04-23-CTA-de-la-FCA-Convocatoria-Curso-Examen-AA_FIRMADO<\/a><a href=\"https:\/\/grancanariaajedrez.es\/wp-content\/uploads\/2023\/09\/Comunicado-04-23-CTA-de-la-FCA-Convocatoria-Curso-Examen-AA_FIRMADO.pdf\" class=\"wp-block-file__button wp-element-button\" download aria-describedby=\"wp-block-file--media-17349bfa-bbb7-4cc8-8358-7e4f4d3660a0\">Descarga<\/a><\/div>\n","protected":false},"excerpt":{"rendered":"<p>Se adjunta comunicado de la FCA sobre las bases de la pr\u00f3xima convocatoria del curso y examen de \u00e1rbitro auton\u00f3mico, que tendr\u00e1 lugar en Tenerife y Fuerteventura en el mes de octubre los d\u00edas y 21 y 22.<\/p>\n","protected":false},"author":4,"featured_media":2000,"comment_status":"closed","ping_status":"open","sticky":false,"template":"","format":"standard","meta":{"ngg_post_thumbnail":0,"footnotes":""},"categories":[34],"tags":[],"class_list":["post-1999","post","type-post","status-publish","format-standard","has-post-thumbnail","hentry","category-charlas-y-conferencias"],"yoast_head":"<!-- This site is optimized with the Yoast SEO plugin v27.5 - https:\/\/yoast.com\/product\/yoast-seo-wordpress\/ -->\n<title>CONVOCATORIA DEL CURSO Y EXAMEN DE \u00c1RBITRO AUTON\u00d3MICO DE LA FEDERACI\u00d3N CANARIA DE AJEDREZ. - Federaci\u00f3n insular de ajedrez de Gran Canaria<\/title>\n<meta name=\"robots\" content=\"index, follow, max-snippet:-1, max-image-preview:large, max-video-preview:-1\" \/>\n<link rel=\"canonical\" href=\"https:\/\/grancanariaajedrez.es\/index.php\/2023\/09\/01\/convocatoria-del-curso-y-examen-de-arbitro-autonomico-de-la-federacion-canaria-de-ajedrez\/\" \/>\n<meta property=\"og:locale\" content=\"es_ES\" \/>\n<meta property=\"og:type\" content=\"article\" \/>\n<meta property=\"og:title\" content=\"CONVOCATORIA DEL CURSO Y EXAMEN DE \u00c1RBITRO AUTON\u00d3MICO DE LA FEDERACI\u00d3N CANARIA DE AJEDREZ. - Federaci\u00f3n insular de ajedrez de Gran Canaria\" \/>\n<meta property=\"og:description\" content=\"Se adjunta comunicado de la FCA sobre las bases de la pr\u00f3xima convocatoria del curso y examen de \u00e1rbitro auton\u00f3mico, que tendr\u00e1 lugar en Tenerife y Fuerteventura en el mes de octubre los d\u00edas y 21 y 22.\" \/>\n<meta property=\"og:url\" content=\"https:\/\/grancanariaajedrez.es\/index.php\/2023\/09\/01\/convocatoria-del-curso-y-examen-de-arbitro-autonomico-de-la-federacion-canaria-de-ajedrez\/\" \/>\n<meta property=\"og:site_name\" content=\"Federaci\u00f3n insular de ajedrez de Gran Canaria\" \/>\n<meta property=\"article:publisher\" content=\"https:\/\/www.facebook.com\/people\/Federacion-Ajedrez-Gran-Canaria\/100057093924634\/\" \/>\n<meta property=\"article:published_time\" content=\"2023-09-01T19:05:51+00:00\" \/>\n<meta property=\"article:modified_time\" content=\"2023-09-01T19:06:52+00:00\" \/>\n<meta property=\"og:image\" content=\"https:\/\/grancanariaajedrez.es\/wp-content\/uploads\/2023\/09\/Ajedrez-e1693595022245.png\" \/>\n\t<meta property=\"og:image:width\" content=\"380\" \/>\n\t<meta property=\"og:image:height\" content=\"475\" \/>\n\t<meta property=\"og:image:type\" content=\"image\/png\" \/>\n<meta name=\"author\" content=\"ADMINGCAJEDREZ\" \/>\n<meta name=\"twitter:card\" content=\"summary_large_image\" \/>\n<meta name=\"twitter:label1\" content=\"Escrito por\" \/>\n\t<meta name=\"twitter:data1\" content=\"ADMINGCAJEDREZ\" \/>\n<script type=\"application\/ld+json\" class=\"yoast-schema-graph\">{\"@context\":\"https:\\\/\\\/schema.org\",\"@graph\":[{\"@type\":\"Article\",\"@id\":\"https:\\\/\\\/grancanariaajedrez.es\\\/index.php\\\/2023\\\/09\\\/01\\\/convocatoria-del-curso-y-examen-de-arbitro-autonomico-de-la-federacion-canaria-de-ajedrez\\\/#article\",\"isPartOf\":{\"@id\":\"https:\\\/\\\/grancanariaajedrez.es\\\/index.php\\\/2023\\\/09\\\/01\\\/convocatoria-del-curso-y-examen-de-arbitro-autonomico-de-la-federacion-canaria-de-ajedrez\\\/\"},\"author\":{\"name\":\"ADMINGCAJEDREZ\",\"@id\":\"https:\\\/\\\/grancanariaajedrez.es\\\/#\\\/schema\\\/person\\\/b0d16fd090201dccaa427fbde3f2b13c\"},\"headline\":\"CONVOCATORIA DEL CURSO Y EXAMEN DE \u00c1RBITRO AUTON\u00d3MICO DE LA FEDERACI\u00d3N CANARIA DE AJEDREZ.\",\"datePublished\":\"2023-09-01T19:05:51+00:00\",\"dateModified\":\"2023-09-01T19:06:52+00:00\",\"mainEntityOfPage\":{\"@id\":\"https:\\\/\\\/grancanariaajedrez.es\\\/index.php\\\/2023\\\/09\\\/01\\\/convocatoria-del-curso-y-examen-de-arbitro-autonomico-de-la-federacion-canaria-de-ajedrez\\\/\"},\"wordCount\":60,\"image\":{\"@id\":\"https:\\\/\\\/grancanariaajedrez.es\\\/index.php\\\/2023\\\/09\\\/01\\\/convocatoria-del-curso-y-examen-de-arbitro-autonomico-de-la-federacion-canaria-de-ajedrez\\\/#primaryimage\"},\"thumbnailUrl\":\"https:\\\/\\\/grancanariaajedrez.es\\\/wp-content\\\/uploads\\\/2023\\\/09\\\/Ajedrez-e1693595022245.png\",\"articleSection\":[\"Charlas y Conferencias\"],\"inLanguage\":\"es\"},{\"@type\":\"WebPage\",\"@id\":\"https:\\\/\\\/grancanariaajedrez.es\\\/index.php\\\/2023\\\/09\\\/01\\\/convocatoria-del-curso-y-examen-de-arbitro-autonomico-de-la-federacion-canaria-de-ajedrez\\\/\",\"url\":\"https:\\\/\\\/grancanariaajedrez.es\\\/index.php\\\/2023\\\/09\\\/01\\\/convocatoria-del-curso-y-examen-de-arbitro-autonomico-de-la-federacion-canaria-de-ajedrez\\\/\",\"name\":\"CONVOCATORIA DEL CURSO Y EXAMEN DE \u00c1RBITRO AUTON\u00d3MICO DE LA FEDERACI\u00d3N CANARIA DE AJEDREZ. - Federaci\u00f3n insular de ajedrez de Gran Canaria\",\"isPartOf\":{\"@id\":\"https:\\\/\\\/grancanariaajedrez.es\\\/#website\"},\"primaryImageOfPage\":{\"@id\":\"https:\\\/\\\/grancanariaajedrez.es\\\/index.php\\\/2023\\\/09\\\/01\\\/convocatoria-del-curso-y-examen-de-arbitro-autonomico-de-la-federacion-canaria-de-ajedrez\\\/#primaryimage\"},\"image\":{\"@id\":\"https:\\\/\\\/grancanariaajedrez.es\\\/index.php\\\/2023\\\/09\\\/01\\\/convocatoria-del-curso-y-examen-de-arbitro-autonomico-de-la-federacion-canaria-de-ajedrez\\\/#primaryimage\"},\"thumbnailUrl\":\"https:\\\/\\\/grancanariaajedrez.es\\\/wp-content\\\/uploads\\\/2023\\\/09\\\/Ajedrez-e1693595022245.png\",\"datePublished\":\"2023-09-01T19:05:51+00:00\",\"dateModified\":\"2023-09-01T19:06:52+00:00\",\"author\":{\"@id\":\"https:\\\/\\\/grancanariaajedrez.es\\\/#\\\/schema\\\/person\\\/b0d16fd090201dccaa427fbde3f2b13c\"},\"breadcrumb\":{\"@id\":\"https:\\\/\\\/grancanariaajedrez.es\\\/index.php\\\/2023\\\/09\\\/01\\\/convocatoria-del-curso-y-examen-de-arbitro-autonomico-de-la-federacion-canaria-de-ajedrez\\\/#breadcrumb\"},\"inLanguage\":\"es\",\"potentialAction\":[{\"@type\":\"ReadAction\",\"target\":[\"https:\\\/\\\/grancanariaajedrez.es\\\/index.php\\\/2023\\\/09\\\/01\\\/convocatoria-del-curso-y-examen-de-arbitro-autonomico-de-la-federacion-canaria-de-ajedrez\\\/\"]}]},{\"@type\":\"ImageObject\",\"inLanguage\":\"es\",\"@id\":\"https:\\\/\\\/grancanariaajedrez.es\\\/index.php\\\/2023\\\/09\\\/01\\\/convocatoria-del-curso-y-examen-de-arbitro-autonomico-de-la-federacion-canaria-de-ajedrez\\\/#primaryimage\",\"url\":\"https:\\\/\\\/grancanariaajedrez.es\\\/wp-content\\\/uploads\\\/2023\\\/09\\\/Ajedrez-e1693595022245.png\",\"contentUrl\":\"https:\\\/\\\/grancanariaajedrez.es\\\/wp-content\\\/uploads\\\/2023\\\/09\\\/Ajedrez-e1693595022245.png\",\"width\":380,\"height\":475},{\"@type\":\"BreadcrumbList\",\"@id\":\"https:\\\/\\\/grancanariaajedrez.es\\\/index.php\\\/2023\\\/09\\\/01\\\/convocatoria-del-curso-y-examen-de-arbitro-autonomico-de-la-federacion-canaria-de-ajedrez\\\/#breadcrumb\",\"itemListElement\":[{\"@type\":\"ListItem\",\"position\":1,\"name\":\"Portada\",\"item\":\"https:\\\/\\\/grancanariaajedrez.es\\\/\"},{\"@type\":\"ListItem\",\"position\":2,\"name\":\"CONVOCATORIA DEL CURSO Y EXAMEN DE \u00c1RBITRO AUTON\u00d3MICO DE LA FEDERACI\u00d3N CANARIA DE AJEDREZ.\"}]},{\"@type\":\"WebSite\",\"@id\":\"https:\\\/\\\/grancanariaajedrez.es\\\/#website\",\"url\":\"https:\\\/\\\/grancanariaajedrez.es\\\/\",\"name\":\"Grancanariaajedrez.es\",\"description\":\"Federaci\u00f3n insular de ajedrez de Gran Canaria\",\"potentialAction\":[{\"@type\":\"SearchAction\",\"target\":{\"@type\":\"EntryPoint\",\"urlTemplate\":\"https:\\\/\\\/grancanariaajedrez.es\\\/?s={search_term_string}\"},\"query-input\":{\"@type\":\"PropertyValueSpecification\",\"valueRequired\":true,\"valueName\":\"search_term_string\"}}],\"inLanguage\":\"es\"},{\"@type\":\"Person\",\"@id\":\"https:\\\/\\\/grancanariaajedrez.es\\\/#\\\/schema\\\/person\\\/b0d16fd090201dccaa427fbde3f2b13c\",\"name\":\"ADMINGCAJEDREZ\",\"image\":{\"@type\":\"ImageObject\",\"inLanguage\":\"es\",\"@id\":\"https:\\\/\\\/secure.gravatar.com\\\/avatar\\\/1758b5530507ae9055bb2356fa3b8ce80bada4e4a30e86add148f90b29c44667?s=96&d=mm&r=g\",\"url\":\"https:\\\/\\\/secure.gravatar.com\\\/avatar\\\/1758b5530507ae9055bb2356fa3b8ce80bada4e4a30e86add148f90b29c44667?s=96&d=mm&r=g\",\"contentUrl\":\"https:\\\/\\\/secure.gravatar.com\\\/avatar\\\/1758b5530507ae9055bb2356fa3b8ce80bada4e4a30e86add148f90b29c44667?s=96&d=mm&r=g\",\"caption\":\"ADMINGCAJEDREZ\"},\"url\":\"https:\\\/\\\/grancanariaajedrez.es\\\/index.php\\\/author\\\/admingcajedrez\\\/\"}]}<\/script>\n<!-- \/ Yoast SEO plugin. -->","yoast_head_json":{"title":"CONVOCATORIA DEL CURSO Y EXAMEN DE \u00c1RBITRO AUTON\u00d3MICO DE LA FEDERACI\u00d3N CANARIA DE AJEDREZ. - Federaci\u00f3n insular de ajedrez de Gran Canaria","robots":{"index":"index","follow":"follow","max-snippet":"max-snippet:-1","max-image-preview":"max-image-preview:large","max-video-preview":"max-video-preview:-1"},"canonical":"https:\/\/grancanariaajedrez.es\/index.php\/2023\/09\/01\/convocatoria-del-curso-y-examen-de-arbitro-autonomico-de-la-federacion-canaria-de-ajedrez\/","og_locale":"es_ES","og_type":"article","og_title":"CONVOCATORIA DEL CURSO Y EXAMEN DE \u00c1RBITRO AUTON\u00d3MICO DE LA FEDERACI\u00d3N CANARIA DE AJEDREZ. - Federaci\u00f3n insular de ajedrez de Gran Canaria","og_description":"Se adjunta comunicado de la FCA sobre las bases de la pr\u00f3xima convocatoria del curso y examen de \u00e1rbitro auton\u00f3mico, que tendr\u00e1 lugar en Tenerife y Fuerteventura en el mes de octubre los d\u00edas y 21 y 22.","og_url":"https:\/\/grancanariaajedrez.es\/index.php\/2023\/09\/01\/convocatoria-del-curso-y-examen-de-arbitro-autonomico-de-la-federacion-canaria-de-ajedrez\/","og_site_name":"Federaci\u00f3n insular de ajedrez de Gran Canaria","article_publisher":"https:\/\/www.facebook.com\/people\/Federacion-Ajedrez-Gran-Canaria\/100057093924634\/","article_published_time":"2023-09-01T19:05:51+00:00","article_modified_time":"2023-09-01T19:06:52+00:00","og_image":[{"width":380,"height":475,"url":"https:\/\/grancanariaajedrez.es\/wp-content\/uploads\/2023\/09\/Ajedrez-e1693595022245.png","type":"image\/png"}],"author":"ADMINGCAJEDREZ","twitter_card":"summary_large_image","twitter_misc":{"Escrito por":"ADMINGCAJEDREZ"},"schema":{"@context":"https:\/\/schema.org","@graph":[{"@type":"Article","@id":"https:\/\/grancanariaajedrez.es\/index.php\/2023\/09\/01\/convocatoria-del-curso-y-examen-de-arbitro-autonomico-de-la-federacion-canaria-de-ajedrez\/#article","isPartOf":{"@id":"https:\/\/grancanariaajedrez.es\/index.php\/2023\/09\/01\/convocatoria-del-curso-y-examen-de-arbitro-autonomico-de-la-federacion-canaria-de-ajedrez\/"},"author":{"name":"ADMINGCAJEDREZ","@id":"https:\/\/grancanariaajedrez.es\/#\/schema\/person\/b0d16fd090201dccaa427fbde3f2b13c"},"headline":"CONVOCATORIA DEL CURSO Y EXAMEN DE \u00c1RBITRO AUTON\u00d3MICO DE LA FEDERACI\u00d3N CANARIA DE AJEDREZ.","datePublished":"2023-09-01T19:05:51+00:00","dateModified":"2023-09-01T19:06:52+00:00","mainEntityOfPage":{"@id":"https:\/\/grancanariaajedrez.es\/index.php\/2023\/09\/01\/convocatoria-del-curso-y-examen-de-arbitro-autonomico-de-la-federacion-canaria-de-ajedrez\/"},"wordCount":60,"image":{"@id":"https:\/\/grancanariaajedrez.es\/index.php\/2023\/09\/01\/convocatoria-del-curso-y-examen-de-arbitro-autonomico-de-la-federacion-canaria-de-ajedrez\/#primaryimage"},"thumbnailUrl":"https:\/\/grancanariaajedrez.es\/wp-content\/uploads\/2023\/09\/Ajedrez-e1693595022245.png","articleSection":["Charlas y Conferencias"],"inLanguage":"es"},{"@type":"WebPage","@id":"https:\/\/grancanariaajedrez.es\/index.php\/2023\/09\/01\/convocatoria-del-curso-y-examen-de-arbitro-autonomico-de-la-federacion-canaria-de-ajedrez\/","url":"https:\/\/grancanariaajedrez.es\/index.php\/2023\/09\/01\/convocatoria-del-curso-y-examen-de-arbitro-autonomico-de-la-federacion-canaria-de-ajedrez\/","name":"CONVOCATORIA DEL CURSO Y EXAMEN DE \u00c1RBITRO AUTON\u00d3MICO DE LA FEDERACI\u00d3N CANARIA DE AJEDREZ. - Federaci\u00f3n insular de ajedrez de Gran Canaria","isPartOf":{"@id":"https:\/\/grancanariaajedrez.es\/#website"},"primaryImageOfPage":{"@id":"https:\/\/grancanariaajedrez.es\/index.php\/2023\/09\/01\/convocatoria-del-curso-y-examen-de-arbitro-autonomico-de-la-federacion-canaria-de-ajedrez\/#primaryimage"},"image":{"@id":"https:\/\/grancanariaajedrez.es\/index.php\/2023\/09\/01\/convocatoria-del-curso-y-examen-de-arbitro-autonomico-de-la-federacion-canaria-de-ajedrez\/#primaryimage"},"thumbnailUrl":"https:\/\/grancanariaajedrez.es\/wp-content\/uploads\/2023\/09\/Ajedrez-e1693595022245.png","datePublished":"2023-09-01T19:05:51+00:00","dateModified":"2023-09-01T19:06:52+00:00","author":{"@id":"https:\/\/grancanariaajedrez.es\/#\/schema\/person\/b0d16fd090201dccaa427fbde3f2b13c"},"breadcrumb":{"@id":"https:\/\/grancanariaajedrez.es\/index.php\/2023\/09\/01\/convocatoria-del-curso-y-examen-de-arbitro-autonomico-de-la-federacion-canaria-de-ajedrez\/#breadcrumb"},"inLanguage":"es","potentialAction":[{"@type":"ReadAction","target":["https:\/\/grancanariaajedrez.es\/index.php\/2023\/09\/01\/convocatoria-del-curso-y-examen-de-arbitro-autonomico-de-la-federacion-canaria-de-ajedrez\/"]}]},{"@type":"ImageObject","inLanguage":"es","@id":"https:\/\/grancanariaajedrez.es\/index.php\/2023\/09\/01\/convocatoria-del-curso-y-examen-de-arbitro-autonomico-de-la-federacion-canaria-de-ajedrez\/#primaryimage","url":"https:\/\/grancanariaajedrez.es\/wp-content\/uploads\/2023\/09\/Ajedrez-e1693595022245.png","contentUrl":"https:\/\/grancanariaajedrez.es\/wp-content\/uploads\/2023\/09\/Ajedrez-e1693595022245.png","width":380,"height":475},{"@type":"BreadcrumbList","@id":"https:\/\/grancanariaajedrez.es\/index.php\/2023\/09\/01\/convocatoria-del-curso-y-examen-de-arbitro-autonomico-de-la-federacion-canaria-de-ajedrez\/#breadcrumb","itemListElement":[{"@type":"ListItem","position":1,"name":"Portada","item":"https:\/\/grancanariaajedrez.es\/"},{"@type":"ListItem","position":2,"name":"CONVOCATORIA DEL CURSO Y EXAMEN DE \u00c1RBITRO AUTON\u00d3MICO DE LA FEDERACI\u00d3N CANARIA DE AJEDREZ."}]},{"@type":"WebSite","@id":"https:\/\/grancanariaajedrez.es\/#website","url":"https:\/\/grancanariaajedrez.es\/","name":"Grancanariaajedrez.es","description":"Federaci\u00f3n insular de ajedrez de Gran Canaria","potentialAction":[{"@type":"SearchAction","target":{"@type":"EntryPoint","urlTemplate":"https:\/\/grancanariaajedrez.es\/?s={search_term_string}"},"query-input":{"@type":"PropertyValueSpecification","valueRequired":true,"valueName":"search_term_string"}}],"inLanguage":"es"},{"@type":"Person","@id":"https:\/\/grancanariaajedrez.es\/#\/schema\/person\/b0d16fd090201dccaa427fbde3f2b13c","name":"ADMINGCAJEDREZ","image":{"@type":"ImageObject","inLanguage":"es","@id":"https:\/\/secure.gravatar.com\/avatar\/1758b5530507ae9055bb2356fa3b8ce80bada4e4a30e86add148f90b29c44667?s=96&d=mm&r=g","url":"https:\/\/secure.gravatar.com\/avatar\/1758b5530507ae9055bb2356fa3b8ce80bada4e4a30e86add148f90b29c44667?s=96&d=mm&r=g","contentUrl":"https:\/\/secure.gravatar.com\/avatar\/1758b5530507ae9055bb2356fa3b8ce80bada4e4a30e86add148f90b29c44667?s=96&d=mm&r=g","caption":"ADMINGCAJEDREZ"},"url":"https:\/\/grancanariaajedrez.es\/index.php\/author\/admingcajedrez\/"}]}},"_links":{"self":[{"href":"https:\/\/grancanariaajedrez.es\/index.php\/wp-json\/wp\/v2\/posts\/1999","targetHints":{"allow":["GET"]}}],"collection":[{"href":"https:\/\/grancanariaajedrez.es\/index.php\/wp-json\/wp\/v2\/posts"}],"about":[{"href":"https:\/\/grancanariaajedrez.es\/index.php\/wp-json\/wp\/v2\/types\/post"}],"author":[{"embeddable":true,"href":"https:\/\/grancanariaajedrez.es\/index.php\/wp-json\/wp\/v2\/users\/4"}],"replies":[{"embeddable":true,"href":"https:\/\/grancanariaajedrez.es\/index.php\/wp-json\/wp\/v2\/comments?post=1999"}],"version-history":[{"count":4,"href":"https:\/\/grancanariaajedrez.es\/index.php\/wp-json\/wp\/v2\/posts\/1999\/revisions"}],"predecessor-version":[{"id":2008,"href":"https:\/\/grancanariaajedrez.es\/index.php\/wp-json\/wp\/v2\/posts\/1999\/revisions\/2008"}],"wp:featuredmedia":[{"embeddable":true,"href":"https:\/\/grancanariaajedrez.es\/index.php\/wp-json\/wp\/v2\/media\/2000"}],"wp:attachment":[{"href":"https:\/\/grancanariaajedrez.es\/index.php\/wp-json\/wp\/v2\/media?parent=1999"}],"wp:term":[{"taxonomy":"category","embeddable":true,"href":"https:\/\/grancanariaajedrez.es\/index.php\/wp-json\/wp\/v2\/categories?post=1999"},{"taxonomy":"post_tag","embeddable":true,"href":"https:\/\/grancanariaajedrez.es\/index.php\/wp-json\/wp\/v2\/tags?post=1999"}],"curies":[{"name":"wp","href":"https:\/\/api.w.org\/{rel}","templated":true}]}}