{"id":1982,"date":"2023-08-29T22:26:52","date_gmt":"2023-08-29T22:26:52","guid":{"rendered":"https:\/\/grancanariaajedrez.es\/?p=1982"},"modified":"2023-08-29T22:41:43","modified_gmt":"2023-08-29T22:41:43","slug":"inicio-del-curso-20232024-academia-del-club-de-ajedrez-fundacion-la-caja","status":"publish","type":"post","link":"https:\/\/grancanariaajedrez.es\/index.php\/2023\/08\/29\/inicio-del-curso-20232024-academia-del-club-de-ajedrez-fundacion-la-caja\/","title":{"rendered":"INICIO DEL CURSO 2023|2024 ACADEMIA DEL CLUB DE AJEDREZ FUNDACI\u00d3N LA CAJA"},"content":{"rendered":"\n<p class=\"has-medium-font-size\"><strong>El pr\u00f3ximo lunes, 4 de septiembre, comenzar\u00e1 un nuevo curso de nuestra academia de ajedrez.&nbsp;Para el&nbsp;curso 2023\/2024,&nbsp;nuestra oferta presenta las opciones de clases presenciales, online y mixtas para alumnos a partir de seis a\u00f1os en el horario habitual de los \u00faltimos a\u00f1os.<\/strong><\/p>\n\n\n\n<p class=\"has-medium-font-size\"><strong>Duraci\u00f3n:&nbsp;Las clases grupales tienen una duraci\u00f3n de 60 minutos. Las clases individuales 75 minutos, ajust\u00e1ndose al horario del alumno.<\/strong><\/p>\n\n\n\n<p><strong>Consulta precios<\/strong>.<\/p>\n\n\n\n<p class=\"has-medium-font-size\"><strong>Horarios:<\/strong><\/p>\n\n\n\n<p class=\"has-medium-font-size\"><strong>Lunes y mi\u00e9rcoles:<\/strong><\/p>\n\n\n\n<p class=\"has-medium-font-size\">&nbsp;&nbsp;&nbsp;<strong>17:00 a 18:00 horas, grupo&nbsp;j\u00f3venes nivel iniciaci\u00f3n presencial.<\/strong><\/p>\n\n\n\n<p class=\"has-medium-font-size\">&nbsp;&nbsp;&nbsp;<strong>18:00 a 19:00 horas, grupo&nbsp;nivel medio presencial.<\/strong><\/p>\n\n\n\n<p class=\"has-medium-font-size\"><strong>Martes y jueves:<\/strong><\/p>\n\n\n\n<p class=\"has-medium-font-size\">&nbsp;<strong>&nbsp;&nbsp;17:00 a 18:00 horas, grupo&nbsp;j\u00f3venes nivel iniciaci\u00f3n presencial.<\/strong><\/p>\n\n\n\n<p class=\"has-medium-font-size\">&nbsp;<strong>18:00 a 19:00 horas, grupo&nbsp;adultos iniciaci\u00f3n presencial y online.<\/strong><\/p>\n\n\n\n<p class=\"has-medium-font-size\">&nbsp;&nbsp;<strong>&nbsp;19:00 a 20:00 horas, grupo&nbsp;nivel avanzado, presencial y online.<\/strong><\/p>\n\n\n\n<p class=\"has-medium-font-size\">*Si quieres unirte, cumplimenta el archivo adjunto (<a rel=\"noreferrer noopener\" href=\"https:\/\/drive.google.com\/file\/d\/1Fkz3N0-bJP0Z_9HBNzwhknqlP6NVERdE\/view?usp=share_link\" target=\"_blank\"><em>descargar<\/em><\/a>) y env\u00edanoslo por correo electr\u00f3nico (contacto@cajadeajedrez.com). Nos pondremos en contacto contigo.\u00a0\u00a0<strong>\u00a1Solicita tu primera clase gratuita!<\/strong><\/p>\n\n\n\n<hr class=\"wp-block-separator has-alpha-channel-opacity\"\/>\n\n\n\n<figure class=\"wp-block-image size-large\"><img fetchpriority=\"high\" decoding=\"async\" width=\"819\" height=\"1024\" src=\"https:\/\/grancanariaajedrez.es\/wp-content\/uploads\/2023\/08\/INICIO-DEL-CURSO-202324-ACADEMIA-DEL-CLUB-DE-AJEDREZ-FUNDACION-LA-CAJA-1-819x1024.png\" alt=\"\" class=\"wp-image-1992\" srcset=\"https:\/\/grancanariaajedrez.es\/wp-content\/uploads\/2023\/08\/INICIO-DEL-CURSO-202324-ACADEMIA-DEL-CLUB-DE-AJEDREZ-FUNDACION-LA-CAJA-1-819x1024.png 819w, https:\/\/grancanariaajedrez.es\/wp-content\/uploads\/2023\/08\/INICIO-DEL-CURSO-202324-ACADEMIA-DEL-CLUB-DE-AJEDREZ-FUNDACION-LA-CAJA-1-240x300.png 240w, https:\/\/grancanariaajedrez.es\/wp-content\/uploads\/2023\/08\/INICIO-DEL-CURSO-202324-ACADEMIA-DEL-CLUB-DE-AJEDREZ-FUNDACION-LA-CAJA-1-768x960.png 768w, https:\/\/grancanariaajedrez.es\/wp-content\/uploads\/2023\/08\/INICIO-DEL-CURSO-202324-ACADEMIA-DEL-CLUB-DE-AJEDREZ-FUNDACION-LA-CAJA-1.png 1080w\" sizes=\"(max-width: 819px) 100vw, 819px\" \/><\/figure>\n\n\n<figure style=\"aspect-ratio:auto;width:1350px;height:1080px;\" class=\"wp-block-post-featured-image\"><img decoding=\"async\" width=\"300\" height=\"375\" src=\"https:\/\/grancanariaajedrez.es\/wp-content\/uploads\/2023\/08\/INICIO-DEL-CURSO-202324-ACADEMIA-DEL-CLUB-DE-AJEDREZ-FUNDACION-LA-CAJA-e1693348573638.png\" class=\"attachment-post-thumbnail size-post-thumbnail wp-post-image\" alt=\"\" style=\"width:100%;height:100%;object-fit:contain;\" \/><\/figure>","protected":false},"excerpt":{"rendered":"<p>El pr\u00f3ximo lunes, 4 de septiembre, comenzar\u00e1 un nuevo curso de nuestra academia de ajedrez.&nbsp;Para el&nbsp;curso 2023\/2024,&nbsp;nuestra oferta presenta las opciones de clases presenciales, online y mixtas para alumnos a partir de seis a\u00f1os en el horario habitual de los \u00faltimos a\u00f1os. Duraci\u00f3n:&nbsp;Las clases grupales tienen una duraci\u00f3n de 60 minutos. Las clases individuales 75 [&hellip;]<\/p>\n","protected":false},"author":4,"featured_media":1983,"comment_status":"closed","ping_status":"open","sticky":false,"template":"","format":"standard","meta":{"ngg_post_thumbnail":0,"footnotes":""},"categories":[34],"tags":[],"class_list":["post-1982","post","type-post","status-publish","format-standard","has-post-thumbnail","hentry","category-charlas-y-conferencias"],"yoast_head":"<!-- This site is optimized with the Yoast SEO plugin v27.5 - https:\/\/yoast.com\/product\/yoast-seo-wordpress\/ -->\n<title>INICIO DEL CURSO 2023|2024 ACADEMIA DEL CLUB DE AJEDREZ FUNDACI\u00d3N LA CAJA - Federaci\u00f3n insular de ajedrez de Gran Canaria<\/title>\n<meta name=\"robots\" content=\"index, follow, max-snippet:-1, max-image-preview:large, max-video-preview:-1\" \/>\n<link rel=\"canonical\" href=\"https:\/\/grancanariaajedrez.es\/index.php\/2023\/08\/29\/inicio-del-curso-20232024-academia-del-club-de-ajedrez-fundacion-la-caja\/\" \/>\n<meta property=\"og:locale\" content=\"es_ES\" \/>\n<meta property=\"og:type\" content=\"article\" \/>\n<meta property=\"og:title\" content=\"INICIO DEL CURSO 2023|2024 ACADEMIA DEL CLUB DE AJEDREZ FUNDACI\u00d3N LA CAJA - Federaci\u00f3n insular de ajedrez de Gran Canaria\" \/>\n<meta property=\"og:description\" content=\"El pr\u00f3ximo lunes, 4 de septiembre, comenzar\u00e1 un nuevo curso de nuestra academia de ajedrez.&nbsp;Para el&nbsp;curso 2023\/2024,&nbsp;nuestra oferta presenta las opciones de clases presenciales, online y mixtas para alumnos a partir de seis a\u00f1os en el horario habitual de los \u00faltimos a\u00f1os. Duraci\u00f3n:&nbsp;Las clases grupales tienen una duraci\u00f3n de 60 minutos. Las clases individuales 75 [&hellip;]\" \/>\n<meta property=\"og:url\" content=\"https:\/\/grancanariaajedrez.es\/index.php\/2023\/08\/29\/inicio-del-curso-20232024-academia-del-club-de-ajedrez-fundacion-la-caja\/\" \/>\n<meta property=\"og:site_name\" content=\"Federaci\u00f3n insular de ajedrez de Gran Canaria\" \/>\n<meta property=\"article:publisher\" content=\"https:\/\/www.facebook.com\/people\/Federacion-Ajedrez-Gran-Canaria\/100057093924634\/\" \/>\n<meta property=\"article:published_time\" content=\"2023-08-29T22:26:52+00:00\" \/>\n<meta property=\"article:modified_time\" content=\"2023-08-29T22:41:43+00:00\" \/>\n<meta property=\"og:image\" content=\"https:\/\/grancanariaajedrez.es\/wp-content\/uploads\/2023\/08\/INICIO-DEL-CURSO-202324-ACADEMIA-DEL-CLUB-DE-AJEDREZ-FUNDACION-LA-CAJA-e1693348573638.png\" \/>\n\t<meta property=\"og:image:width\" content=\"300\" \/>\n\t<meta property=\"og:image:height\" content=\"375\" \/>\n\t<meta property=\"og:image:type\" content=\"image\/png\" \/>\n<meta name=\"author\" content=\"ADMINGCAJEDREZ\" \/>\n<meta name=\"twitter:card\" content=\"summary_large_image\" \/>\n<meta name=\"twitter:label1\" content=\"Escrito por\" \/>\n\t<meta name=\"twitter:data1\" content=\"ADMINGCAJEDREZ\" \/>\n\t<meta name=\"twitter:label2\" content=\"Tiempo de lectura\" \/>\n\t<meta name=\"twitter:data2\" content=\"1 minuto\" \/>\n<script type=\"application\/ld+json\" class=\"yoast-schema-graph\">{\"@context\":\"https:\\\/\\\/schema.org\",\"@graph\":[{\"@type\":\"Article\",\"@id\":\"https:\\\/\\\/grancanariaajedrez.es\\\/index.php\\\/2023\\\/08\\\/29\\\/inicio-del-curso-20232024-academia-del-club-de-ajedrez-fundacion-la-caja\\\/#article\",\"isPartOf\":{\"@id\":\"https:\\\/\\\/grancanariaajedrez.es\\\/index.php\\\/2023\\\/08\\\/29\\\/inicio-del-curso-20232024-academia-del-club-de-ajedrez-fundacion-la-caja\\\/\"},\"author\":{\"name\":\"ADMINGCAJEDREZ\",\"@id\":\"https:\\\/\\\/grancanariaajedrez.es\\\/#\\\/schema\\\/person\\\/b0d16fd090201dccaa427fbde3f2b13c\"},\"headline\":\"INICIO DEL CURSO 2023|2024 ACADEMIA DEL CLUB DE AJEDREZ FUNDACI\u00d3N LA CAJA\",\"datePublished\":\"2023-08-29T22:26:52+00:00\",\"dateModified\":\"2023-08-29T22:41:43+00:00\",\"mainEntityOfPage\":{\"@id\":\"https:\\\/\\\/grancanariaajedrez.es\\\/index.php\\\/2023\\\/08\\\/29\\\/inicio-del-curso-20232024-academia-del-club-de-ajedrez-fundacion-la-caja\\\/\"},\"wordCount\":180,\"image\":{\"@id\":\"https:\\\/\\\/grancanariaajedrez.es\\\/index.php\\\/2023\\\/08\\\/29\\\/inicio-del-curso-20232024-academia-del-club-de-ajedrez-fundacion-la-caja\\\/#primaryimage\"},\"thumbnailUrl\":\"https:\\\/\\\/grancanariaajedrez.es\\\/wp-content\\\/uploads\\\/2023\\\/08\\\/INICIO-DEL-CURSO-202324-ACADEMIA-DEL-CLUB-DE-AJEDREZ-FUNDACION-LA-CAJA-e1693348573638.png\",\"articleSection\":[\"Charlas y Conferencias\"],\"inLanguage\":\"es\"},{\"@type\":\"WebPage\",\"@id\":\"https:\\\/\\\/grancanariaajedrez.es\\\/index.php\\\/2023\\\/08\\\/29\\\/inicio-del-curso-20232024-academia-del-club-de-ajedrez-fundacion-la-caja\\\/\",\"url\":\"https:\\\/\\\/grancanariaajedrez.es\\\/index.php\\\/2023\\\/08\\\/29\\\/inicio-del-curso-20232024-academia-del-club-de-ajedrez-fundacion-la-caja\\\/\",\"name\":\"INICIO DEL CURSO 2023|2024 ACADEMIA DEL CLUB DE AJEDREZ FUNDACI\u00d3N LA CAJA - Federaci\u00f3n insular de ajedrez de Gran Canaria\",\"isPartOf\":{\"@id\":\"https:\\\/\\\/grancanariaajedrez.es\\\/#website\"},\"primaryImageOfPage\":{\"@id\":\"https:\\\/\\\/grancanariaajedrez.es\\\/index.php\\\/2023\\\/08\\\/29\\\/inicio-del-curso-20232024-academia-del-club-de-ajedrez-fundacion-la-caja\\\/#primaryimage\"},\"image\":{\"@id\":\"https:\\\/\\\/grancanariaajedrez.es\\\/index.php\\\/2023\\\/08\\\/29\\\/inicio-del-curso-20232024-academia-del-club-de-ajedrez-fundacion-la-caja\\\/#primaryimage\"},\"thumbnailUrl\":\"https:\\\/\\\/grancanariaajedrez.es\\\/wp-content\\\/uploads\\\/2023\\\/08\\\/INICIO-DEL-CURSO-202324-ACADEMIA-DEL-CLUB-DE-AJEDREZ-FUNDACION-LA-CAJA-e1693348573638.png\",\"datePublished\":\"2023-08-29T22:26:52+00:00\",\"dateModified\":\"2023-08-29T22:41:43+00:00\",\"author\":{\"@id\":\"https:\\\/\\\/grancanariaajedrez.es\\\/#\\\/schema\\\/person\\\/b0d16fd090201dccaa427fbde3f2b13c\"},\"breadcrumb\":{\"@id\":\"https:\\\/\\\/grancanariaajedrez.es\\\/index.php\\\/2023\\\/08\\\/29\\\/inicio-del-curso-20232024-academia-del-club-de-ajedrez-fundacion-la-caja\\\/#breadcrumb\"},\"inLanguage\":\"es\",\"potentialAction\":[{\"@type\":\"ReadAction\",\"target\":[\"https:\\\/\\\/grancanariaajedrez.es\\\/index.php\\\/2023\\\/08\\\/29\\\/inicio-del-curso-20232024-academia-del-club-de-ajedrez-fundacion-la-caja\\\/\"]}]},{\"@type\":\"ImageObject\",\"inLanguage\":\"es\",\"@id\":\"https:\\\/\\\/grancanariaajedrez.es\\\/index.php\\\/2023\\\/08\\\/29\\\/inicio-del-curso-20232024-academia-del-club-de-ajedrez-fundacion-la-caja\\\/#primaryimage\",\"url\":\"https:\\\/\\\/grancanariaajedrez.es\\\/wp-content\\\/uploads\\\/2023\\\/08\\\/INICIO-DEL-CURSO-202324-ACADEMIA-DEL-CLUB-DE-AJEDREZ-FUNDACION-LA-CAJA-e1693348573638.png\",\"contentUrl\":\"https:\\\/\\\/grancanariaajedrez.es\\\/wp-content\\\/uploads\\\/2023\\\/08\\\/INICIO-DEL-CURSO-202324-ACADEMIA-DEL-CLUB-DE-AJEDREZ-FUNDACION-LA-CAJA-e1693348573638.png\",\"width\":300,\"height\":375},{\"@type\":\"BreadcrumbList\",\"@id\":\"https:\\\/\\\/grancanariaajedrez.es\\\/index.php\\\/2023\\\/08\\\/29\\\/inicio-del-curso-20232024-academia-del-club-de-ajedrez-fundacion-la-caja\\\/#breadcrumb\",\"itemListElement\":[{\"@type\":\"ListItem\",\"position\":1,\"name\":\"Portada\",\"item\":\"https:\\\/\\\/grancanariaajedrez.es\\\/\"},{\"@type\":\"ListItem\",\"position\":2,\"name\":\"INICIO DEL CURSO 2023|2024 ACADEMIA DEL CLUB DE AJEDREZ FUNDACI\u00d3N LA CAJA\"}]},{\"@type\":\"WebSite\",\"@id\":\"https:\\\/\\\/grancanariaajedrez.es\\\/#website\",\"url\":\"https:\\\/\\\/grancanariaajedrez.es\\\/\",\"name\":\"Grancanariaajedrez.es\",\"description\":\"Federaci\u00f3n insular de ajedrez de Gran Canaria\",\"potentialAction\":[{\"@type\":\"SearchAction\",\"target\":{\"@type\":\"EntryPoint\",\"urlTemplate\":\"https:\\\/\\\/grancanariaajedrez.es\\\/?s={search_term_string}\"},\"query-input\":{\"@type\":\"PropertyValueSpecification\",\"valueRequired\":true,\"valueName\":\"search_term_string\"}}],\"inLanguage\":\"es\"},{\"@type\":\"Person\",\"@id\":\"https:\\\/\\\/grancanariaajedrez.es\\\/#\\\/schema\\\/person\\\/b0d16fd090201dccaa427fbde3f2b13c\",\"name\":\"ADMINGCAJEDREZ\",\"image\":{\"@type\":\"ImageObject\",\"inLanguage\":\"es\",\"@id\":\"https:\\\/\\\/secure.gravatar.com\\\/avatar\\\/1758b5530507ae9055bb2356fa3b8ce80bada4e4a30e86add148f90b29c44667?s=96&d=mm&r=g\",\"url\":\"https:\\\/\\\/secure.gravatar.com\\\/avatar\\\/1758b5530507ae9055bb2356fa3b8ce80bada4e4a30e86add148f90b29c44667?s=96&d=mm&r=g\",\"contentUrl\":\"https:\\\/\\\/secure.gravatar.com\\\/avatar\\\/1758b5530507ae9055bb2356fa3b8ce80bada4e4a30e86add148f90b29c44667?s=96&d=mm&r=g\",\"caption\":\"ADMINGCAJEDREZ\"},\"url\":\"https:\\\/\\\/grancanariaajedrez.es\\\/index.php\\\/author\\\/admingcajedrez\\\/\"}]}<\/script>\n<!-- \/ Yoast SEO plugin. -->","yoast_head_json":{"title":"INICIO DEL CURSO 2023|2024 ACADEMIA DEL CLUB DE AJEDREZ FUNDACI\u00d3N LA CAJA - Federaci\u00f3n insular de ajedrez de Gran Canaria","robots":{"index":"index","follow":"follow","max-snippet":"max-snippet:-1","max-image-preview":"max-image-preview:large","max-video-preview":"max-video-preview:-1"},"canonical":"https:\/\/grancanariaajedrez.es\/index.php\/2023\/08\/29\/inicio-del-curso-20232024-academia-del-club-de-ajedrez-fundacion-la-caja\/","og_locale":"es_ES","og_type":"article","og_title":"INICIO DEL CURSO 2023|2024 ACADEMIA DEL CLUB DE AJEDREZ FUNDACI\u00d3N LA CAJA - Federaci\u00f3n insular de ajedrez de Gran Canaria","og_description":"El pr\u00f3ximo lunes, 4 de septiembre, comenzar\u00e1 un nuevo curso de nuestra academia de ajedrez.&nbsp;Para el&nbsp;curso 2023\/2024,&nbsp;nuestra oferta presenta las opciones de clases presenciales, online y mixtas para alumnos a partir de seis a\u00f1os en el horario habitual de los \u00faltimos a\u00f1os. Duraci\u00f3n:&nbsp;Las clases grupales tienen una duraci\u00f3n de 60 minutos. Las clases individuales 75 [&hellip;]","og_url":"https:\/\/grancanariaajedrez.es\/index.php\/2023\/08\/29\/inicio-del-curso-20232024-academia-del-club-de-ajedrez-fundacion-la-caja\/","og_site_name":"Federaci\u00f3n insular de ajedrez de Gran Canaria","article_publisher":"https:\/\/www.facebook.com\/people\/Federacion-Ajedrez-Gran-Canaria\/100057093924634\/","article_published_time":"2023-08-29T22:26:52+00:00","article_modified_time":"2023-08-29T22:41:43+00:00","og_image":[{"width":300,"height":375,"url":"https:\/\/grancanariaajedrez.es\/wp-content\/uploads\/2023\/08\/INICIO-DEL-CURSO-202324-ACADEMIA-DEL-CLUB-DE-AJEDREZ-FUNDACION-LA-CAJA-e1693348573638.png","type":"image\/png"}],"author":"ADMINGCAJEDREZ","twitter_card":"summary_large_image","twitter_misc":{"Escrito por":"ADMINGCAJEDREZ","Tiempo de lectura":"1 minuto"},"schema":{"@context":"https:\/\/schema.org","@graph":[{"@type":"Article","@id":"https:\/\/grancanariaajedrez.es\/index.php\/2023\/08\/29\/inicio-del-curso-20232024-academia-del-club-de-ajedrez-fundacion-la-caja\/#article","isPartOf":{"@id":"https:\/\/grancanariaajedrez.es\/index.php\/2023\/08\/29\/inicio-del-curso-20232024-academia-del-club-de-ajedrez-fundacion-la-caja\/"},"author":{"name":"ADMINGCAJEDREZ","@id":"https:\/\/grancanariaajedrez.es\/#\/schema\/person\/b0d16fd090201dccaa427fbde3f2b13c"},"headline":"INICIO DEL CURSO 2023|2024 ACADEMIA DEL CLUB DE AJEDREZ FUNDACI\u00d3N LA CAJA","datePublished":"2023-08-29T22:26:52+00:00","dateModified":"2023-08-29T22:41:43+00:00","mainEntityOfPage":{"@id":"https:\/\/grancanariaajedrez.es\/index.php\/2023\/08\/29\/inicio-del-curso-20232024-academia-del-club-de-ajedrez-fundacion-la-caja\/"},"wordCount":180,"image":{"@id":"https:\/\/grancanariaajedrez.es\/index.php\/2023\/08\/29\/inicio-del-curso-20232024-academia-del-club-de-ajedrez-fundacion-la-caja\/#primaryimage"},"thumbnailUrl":"https:\/\/grancanariaajedrez.es\/wp-content\/uploads\/2023\/08\/INICIO-DEL-CURSO-202324-ACADEMIA-DEL-CLUB-DE-AJEDREZ-FUNDACION-LA-CAJA-e1693348573638.png","articleSection":["Charlas y Conferencias"],"inLanguage":"es"},{"@type":"WebPage","@id":"https:\/\/grancanariaajedrez.es\/index.php\/2023\/08\/29\/inicio-del-curso-20232024-academia-del-club-de-ajedrez-fundacion-la-caja\/","url":"https:\/\/grancanariaajedrez.es\/index.php\/2023\/08\/29\/inicio-del-curso-20232024-academia-del-club-de-ajedrez-fundacion-la-caja\/","name":"INICIO DEL CURSO 2023|2024 ACADEMIA DEL CLUB DE AJEDREZ FUNDACI\u00d3N LA CAJA - Federaci\u00f3n insular de ajedrez de Gran Canaria","isPartOf":{"@id":"https:\/\/grancanariaajedrez.es\/#website"},"primaryImageOfPage":{"@id":"https:\/\/grancanariaajedrez.es\/index.php\/2023\/08\/29\/inicio-del-curso-20232024-academia-del-club-de-ajedrez-fundacion-la-caja\/#primaryimage"},"image":{"@id":"https:\/\/grancanariaajedrez.es\/index.php\/2023\/08\/29\/inicio-del-curso-20232024-academia-del-club-de-ajedrez-fundacion-la-caja\/#primaryimage"},"thumbnailUrl":"https:\/\/grancanariaajedrez.es\/wp-content\/uploads\/2023\/08\/INICIO-DEL-CURSO-202324-ACADEMIA-DEL-CLUB-DE-AJEDREZ-FUNDACION-LA-CAJA-e1693348573638.png","datePublished":"2023-08-29T22:26:52+00:00","dateModified":"2023-08-29T22:41:43+00:00","author":{"@id":"https:\/\/grancanariaajedrez.es\/#\/schema\/person\/b0d16fd090201dccaa427fbde3f2b13c"},"breadcrumb":{"@id":"https:\/\/grancanariaajedrez.es\/index.php\/2023\/08\/29\/inicio-del-curso-20232024-academia-del-club-de-ajedrez-fundacion-la-caja\/#breadcrumb"},"inLanguage":"es","potentialAction":[{"@type":"ReadAction","target":["https:\/\/grancanariaajedrez.es\/index.php\/2023\/08\/29\/inicio-del-curso-20232024-academia-del-club-de-ajedrez-fundacion-la-caja\/"]}]},{"@type":"ImageObject","inLanguage":"es","@id":"https:\/\/grancanariaajedrez.es\/index.php\/2023\/08\/29\/inicio-del-curso-20232024-academia-del-club-de-ajedrez-fundacion-la-caja\/#primaryimage","url":"https:\/\/grancanariaajedrez.es\/wp-content\/uploads\/2023\/08\/INICIO-DEL-CURSO-202324-ACADEMIA-DEL-CLUB-DE-AJEDREZ-FUNDACION-LA-CAJA-e1693348573638.png","contentUrl":"https:\/\/grancanariaajedrez.es\/wp-content\/uploads\/2023\/08\/INICIO-DEL-CURSO-202324-ACADEMIA-DEL-CLUB-DE-AJEDREZ-FUNDACION-LA-CAJA-e1693348573638.png","width":300,"height":375},{"@type":"BreadcrumbList","@id":"https:\/\/grancanariaajedrez.es\/index.php\/2023\/08\/29\/inicio-del-curso-20232024-academia-del-club-de-ajedrez-fundacion-la-caja\/#breadcrumb","itemListElement":[{"@type":"ListItem","position":1,"name":"Portada","item":"https:\/\/grancanariaajedrez.es\/"},{"@type":"ListItem","position":2,"name":"INICIO DEL CURSO 2023|2024 ACADEMIA DEL CLUB DE AJEDREZ FUNDACI\u00d3N LA CAJA"}]},{"@type":"WebSite","@id":"https:\/\/grancanariaajedrez.es\/#website","url":"https:\/\/grancanariaajedrez.es\/","name":"Grancanariaajedrez.es","description":"Federaci\u00f3n insular de ajedrez de Gran Canaria","potentialAction":[{"@type":"SearchAction","target":{"@type":"EntryPoint","urlTemplate":"https:\/\/grancanariaajedrez.es\/?s={search_term_string}"},"query-input":{"@type":"PropertyValueSpecification","valueRequired":true,"valueName":"search_term_string"}}],"inLanguage":"es"},{"@type":"Person","@id":"https:\/\/grancanariaajedrez.es\/#\/schema\/person\/b0d16fd090201dccaa427fbde3f2b13c","name":"ADMINGCAJEDREZ","image":{"@type":"ImageObject","inLanguage":"es","@id":"https:\/\/secure.gravatar.com\/avatar\/1758b5530507ae9055bb2356fa3b8ce80bada4e4a30e86add148f90b29c44667?s=96&d=mm&r=g","url":"https:\/\/secure.gravatar.com\/avatar\/1758b5530507ae9055bb2356fa3b8ce80bada4e4a30e86add148f90b29c44667?s=96&d=mm&r=g","contentUrl":"https:\/\/secure.gravatar.com\/avatar\/1758b5530507ae9055bb2356fa3b8ce80bada4e4a30e86add148f90b29c44667?s=96&d=mm&r=g","caption":"ADMINGCAJEDREZ"},"url":"https:\/\/grancanariaajedrez.es\/index.php\/author\/admingcajedrez\/"}]}},"_links":{"self":[{"href":"https:\/\/grancanariaajedrez.es\/index.php\/wp-json\/wp\/v2\/posts\/1982","targetHints":{"allow":["GET"]}}],"collection":[{"href":"https:\/\/grancanariaajedrez.es\/index.php\/wp-json\/wp\/v2\/posts"}],"about":[{"href":"https:\/\/grancanariaajedrez.es\/index.php\/wp-json\/wp\/v2\/types\/post"}],"author":[{"embeddable":true,"href":"https:\/\/grancanariaajedrez.es\/index.php\/wp-json\/wp\/v2\/users\/4"}],"replies":[{"embeddable":true,"href":"https:\/\/grancanariaajedrez.es\/index.php\/wp-json\/wp\/v2\/comments?post=1982"}],"version-history":[{"count":8,"href":"https:\/\/grancanariaajedrez.es\/index.php\/wp-json\/wp\/v2\/posts\/1982\/revisions"}],"predecessor-version":[{"id":1998,"href":"https:\/\/grancanariaajedrez.es\/index.php\/wp-json\/wp\/v2\/posts\/1982\/revisions\/1998"}],"wp:featuredmedia":[{"embeddable":true,"href":"https:\/\/grancanariaajedrez.es\/index.php\/wp-json\/wp\/v2\/media\/1983"}],"wp:attachment":[{"href":"https:\/\/grancanariaajedrez.es\/index.php\/wp-json\/wp\/v2\/media?parent=1982"}],"wp:term":[{"taxonomy":"category","embeddable":true,"href":"https:\/\/grancanariaajedrez.es\/index.php\/wp-json\/wp\/v2\/categories?post=1982"},{"taxonomy":"post_tag","embeddable":true,"href":"https:\/\/grancanariaajedrez.es\/index.php\/wp-json\/wp\/v2\/tags?post=1982"}],"curies":[{"name":"wp","href":"https:\/\/api.w.org\/{rel}","templated":true}]}}