{"id":1912,"date":"2023-07-17T17:19:27","date_gmt":"2023-07-17T17:19:27","guid":{"rendered":"https:\/\/grancanariaajedrez.es\/?p=1912"},"modified":"2023-07-17T17:21:07","modified_gmt":"2023-07-17T17:21:07","slug":"campeonato-de-espana-por-edades-de-ajedrez-rapido-sub-12","status":"publish","type":"post","link":"https:\/\/grancanariaajedrez.es\/index.php\/2023\/07\/17\/campeonato-de-espana-por-edades-de-ajedrez-rapido-sub-12\/","title":{"rendered":"Campeonato de Espa\u00f1a por Edades de Ajedrez R\u00e1pido Sub 12."},"content":{"rendered":"\n<p class=\"has-medium-font-size\"><strong>Durante los d\u00edas 15 y 16 de julio se disput\u00f3 en Salobre\u00f1a(Granada) el Campeonato de Espa\u00f1a de R\u00e1pidas en la categor\u00eda Sub-12.<br>Los jugadores de Gran Canaria participantes han sido Diego S\u00e1nchez Gonz\u00e1lez (C.A. San Mateo), David Blanco Garc\u00eda Bajo (Club Ajedrez la Caja de las Palmas) y Adriana Garc\u00eda Rodr\u00edguez (C.A. Vecindario).<br>Tras 9 rondas es de destacar al jugador de la Vega de San Mateo, Diego S\u00e1nchez Gonz\u00e1lez, con 6,5 puntos de 9 posibles, quedando en 12\u00ba lugar y en 20\u00ba lugar ha finalizado con 6 puntos de 9 posibles, David Blanco Garc\u00eda Bajo, mostrando un gran nivel ajedrec\u00edstico en este torneo por parte de los dos jugadores.<br>Seguidamente tenemos a Adriana Garc\u00eda Rodr\u00edguez, que empatando su \u00faltima partida del torneo y quedando con 6,5 puntos de 9 posibles, se ha proclamado Campeona Femenina del Campeonato de Espa\u00f1a de R\u00e1pidas sub-12. Muchas Felicidades!!.<br>Por parte de la FIAGC queremos felicitar a los tres jugadores representando a Gran Canaria que han participado en estos Campeonatos de Espa\u00f1a de R\u00e1pidas sub-12 2023 dando su mejor esfuerzo.<\/strong><\/p>\n\n\n\n<hr class=\"wp-block-separator has-alpha-channel-opacity\"\/>\n\n\n<figure class=\"wp-block-post-featured-image\"><img fetchpriority=\"high\" decoding=\"async\" width=\"2048\" height=\"1402\" src=\"https:\/\/grancanariaajedrez.es\/wp-content\/uploads\/2023\/07\/11.jpg\" class=\"attachment-post-thumbnail size-post-thumbnail wp-post-image\" alt=\"\" style=\"object-fit:cover;\" srcset=\"https:\/\/grancanariaajedrez.es\/wp-content\/uploads\/2023\/07\/11.jpg 2048w, https:\/\/grancanariaajedrez.es\/wp-content\/uploads\/2023\/07\/11-300x205.jpg 300w, https:\/\/grancanariaajedrez.es\/wp-content\/uploads\/2023\/07\/11-1024x701.jpg 1024w, https:\/\/grancanariaajedrez.es\/wp-content\/uploads\/2023\/07\/11-768x526.jpg 768w, https:\/\/grancanariaajedrez.es\/wp-content\/uploads\/2023\/07\/11-1536x1052.jpg 1536w\" sizes=\"(max-width: 2048px) 100vw, 2048px\" \/><\/figure>\n\n\n<figure class=\"wp-block-image alignleft size-large is-resized\"><img decoding=\"async\" src=\"https:\/\/grancanariaajedrez.es\/wp-content\/uploads\/2023\/07\/1-1024x634.jpg\" alt=\"\" class=\"wp-image-1914\" width=\"350\" height=\"216\" srcset=\"https:\/\/grancanariaajedrez.es\/wp-content\/uploads\/2023\/07\/1-1024x634.jpg 1024w, https:\/\/grancanariaajedrez.es\/wp-content\/uploads\/2023\/07\/1-300x186.jpg 300w, https:\/\/grancanariaajedrez.es\/wp-content\/uploads\/2023\/07\/1-768x475.jpg 768w, https:\/\/grancanariaajedrez.es\/wp-content\/uploads\/2023\/07\/1-1536x950.jpg 1536w, https:\/\/grancanariaajedrez.es\/wp-content\/uploads\/2023\/07\/1.jpg 2048w\" sizes=\"(max-width: 350px) 100vw, 350px\" \/><\/figure>\n\n\n\n<figure class=\"wp-block-image alignleft size-large is-resized\"><img decoding=\"async\" src=\"https:\/\/grancanariaajedrez.es\/wp-content\/uploads\/2023\/07\/2-1024x681.jpg\" alt=\"\" class=\"wp-image-1915\" width=\"331\" height=\"220\" srcset=\"https:\/\/grancanariaajedrez.es\/wp-content\/uploads\/2023\/07\/2-1024x681.jpg 1024w, https:\/\/grancanariaajedrez.es\/wp-content\/uploads\/2023\/07\/2-300x199.jpg 300w, https:\/\/grancanariaajedrez.es\/wp-content\/uploads\/2023\/07\/2-768x510.jpg 768w, https:\/\/grancanariaajedrez.es\/wp-content\/uploads\/2023\/07\/2-1536x1021.jpg 1536w, https:\/\/grancanariaajedrez.es\/wp-content\/uploads\/2023\/07\/2.jpg 2048w\" sizes=\"(max-width: 331px) 100vw, 331px\" \/><\/figure>\n\n\n\n<figure class=\"wp-block-image alignleft size-large is-resized\"><img loading=\"lazy\" decoding=\"async\" src=\"https:\/\/grancanariaajedrez.es\/wp-content\/uploads\/2023\/07\/6-1024x683.jpg\" alt=\"\" class=\"wp-image-1916\" width=\"325\" height=\"217\" srcset=\"https:\/\/grancanariaajedrez.es\/wp-content\/uploads\/2023\/07\/6-1024x683.jpg 1024w, https:\/\/grancanariaajedrez.es\/wp-content\/uploads\/2023\/07\/6-300x200.jpg 300w, https:\/\/grancanariaajedrez.es\/wp-content\/uploads\/2023\/07\/6-768x512.jpg 768w, https:\/\/grancanariaajedrez.es\/wp-content\/uploads\/2023\/07\/6-1536x1024.jpg 1536w, https:\/\/grancanariaajedrez.es\/wp-content\/uploads\/2023\/07\/6.jpg 2048w\" sizes=\"(max-width: 325px) 100vw, 325px\" \/><\/figure>\n\n\n\n<figure class=\"wp-block-image size-large is-resized\"><img loading=\"lazy\" decoding=\"async\" src=\"https:\/\/grancanariaajedrez.es\/wp-content\/uploads\/2023\/07\/9-1024x683.jpg\" alt=\"\" class=\"wp-image-1917\" width=\"360\" height=\"225\"\/><\/figure>\n\n\n\n<figure class=\"wp-block-image aligncenter size-large is-resized\"><img loading=\"lazy\" decoding=\"async\" src=\"https:\/\/grancanariaajedrez.es\/wp-content\/uploads\/2023\/07\/IMG-20230710-WA0004-460x1024.jpg\" alt=\"\" class=\"wp-image-1888\" width=\"454\" height=\"1010\"\/><\/figure>\n\n\n","protected":false},"excerpt":{"rendered":"<p>Durante los d\u00edas 15 y 16 de julio se disput\u00f3 en Salobre\u00f1a(Granada) el Campeonato de Espa\u00f1a de R\u00e1pidas en la categor\u00eda Sub-12.Los jugadores de Gran Canaria participantes han sido Diego S\u00e1nchez Gonz\u00e1lez (C.A. San Mateo), David Blanco Garc\u00eda Bajo (Club Ajedrez la Caja de las Palmas) y Adriana Garc\u00eda Rodr\u00edguez (C.A. Vecindario).Tras 9 rondas es [&hellip;]<\/p>\n","protected":false},"author":4,"featured_media":1913,"comment_status":"closed","ping_status":"open","sticky":false,"template":"","format":"standard","meta":{"ngg_post_thumbnail":0,"footnotes":""},"categories":[21],"tags":[],"class_list":["post-1912","post","type-post","status-publish","format-standard","has-post-thumbnail","hentry","category-campeonatos"],"yoast_head":"<!-- This site is optimized with the Yoast SEO plugin v27.5 - https:\/\/yoast.com\/product\/yoast-seo-wordpress\/ -->\n<title>Campeonato de Espa\u00f1a por Edades de Ajedrez R\u00e1pido Sub 12. - Federaci\u00f3n insular de ajedrez de Gran Canaria<\/title>\n<meta name=\"robots\" content=\"index, follow, max-snippet:-1, max-image-preview:large, max-video-preview:-1\" \/>\n<link rel=\"canonical\" href=\"https:\/\/grancanariaajedrez.es\/index.php\/2023\/07\/17\/campeonato-de-espana-por-edades-de-ajedrez-rapido-sub-12\/\" \/>\n<meta property=\"og:locale\" content=\"es_ES\" \/>\n<meta property=\"og:type\" content=\"article\" \/>\n<meta property=\"og:title\" content=\"Campeonato de Espa\u00f1a por Edades de Ajedrez R\u00e1pido Sub 12. - Federaci\u00f3n insular de ajedrez de Gran Canaria\" \/>\n<meta property=\"og:description\" content=\"Durante los d\u00edas 15 y 16 de julio se disput\u00f3 en Salobre\u00f1a(Granada) el Campeonato de Espa\u00f1a de R\u00e1pidas en la categor\u00eda Sub-12.Los jugadores de Gran Canaria participantes han sido Diego S\u00e1nchez Gonz\u00e1lez (C.A. San Mateo), David Blanco Garc\u00eda Bajo (Club Ajedrez la Caja de las Palmas) y Adriana Garc\u00eda Rodr\u00edguez (C.A. Vecindario).Tras 9 rondas es [&hellip;]\" \/>\n<meta property=\"og:url\" content=\"https:\/\/grancanariaajedrez.es\/index.php\/2023\/07\/17\/campeonato-de-espana-por-edades-de-ajedrez-rapido-sub-12\/\" \/>\n<meta property=\"og:site_name\" content=\"Federaci\u00f3n insular de ajedrez de Gran Canaria\" \/>\n<meta property=\"article:publisher\" content=\"https:\/\/www.facebook.com\/people\/Federacion-Ajedrez-Gran-Canaria\/100057093924634\/\" \/>\n<meta property=\"article:published_time\" content=\"2023-07-17T17:19:27+00:00\" \/>\n<meta property=\"article:modified_time\" content=\"2023-07-17T17:21:07+00:00\" \/>\n<meta property=\"og:image\" content=\"https:\/\/grancanariaajedrez.es\/wp-content\/uploads\/2023\/07\/11.jpg\" \/>\n\t<meta property=\"og:image:width\" content=\"2048\" \/>\n\t<meta property=\"og:image:height\" content=\"1402\" \/>\n\t<meta property=\"og:image:type\" content=\"image\/jpeg\" \/>\n<meta name=\"author\" content=\"ADMINGCAJEDREZ\" \/>\n<meta name=\"twitter:card\" content=\"summary_large_image\" \/>\n<meta name=\"twitter:label1\" content=\"Escrito por\" \/>\n\t<meta name=\"twitter:data1\" content=\"ADMINGCAJEDREZ\" \/>\n\t<meta name=\"twitter:label2\" content=\"Tiempo de lectura\" \/>\n\t<meta name=\"twitter:data2\" content=\"1 minuto\" \/>\n<script type=\"application\/ld+json\" class=\"yoast-schema-graph\">{\"@context\":\"https:\\\/\\\/schema.org\",\"@graph\":[{\"@type\":\"Article\",\"@id\":\"https:\\\/\\\/grancanariaajedrez.es\\\/index.php\\\/2023\\\/07\\\/17\\\/campeonato-de-espana-por-edades-de-ajedrez-rapido-sub-12\\\/#article\",\"isPartOf\":{\"@id\":\"https:\\\/\\\/grancanariaajedrez.es\\\/index.php\\\/2023\\\/07\\\/17\\\/campeonato-de-espana-por-edades-de-ajedrez-rapido-sub-12\\\/\"},\"author\":{\"name\":\"ADMINGCAJEDREZ\",\"@id\":\"https:\\\/\\\/grancanariaajedrez.es\\\/#\\\/schema\\\/person\\\/b0d16fd090201dccaa427fbde3f2b13c\"},\"headline\":\"Campeonato de Espa\u00f1a por Edades de Ajedrez R\u00e1pido Sub 12.\",\"datePublished\":\"2023-07-17T17:19:27+00:00\",\"dateModified\":\"2023-07-17T17:21:07+00:00\",\"mainEntityOfPage\":{\"@id\":\"https:\\\/\\\/grancanariaajedrez.es\\\/index.php\\\/2023\\\/07\\\/17\\\/campeonato-de-espana-por-edades-de-ajedrez-rapido-sub-12\\\/\"},\"wordCount\":198,\"image\":{\"@id\":\"https:\\\/\\\/grancanariaajedrez.es\\\/index.php\\\/2023\\\/07\\\/17\\\/campeonato-de-espana-por-edades-de-ajedrez-rapido-sub-12\\\/#primaryimage\"},\"thumbnailUrl\":\"https:\\\/\\\/grancanariaajedrez.es\\\/wp-content\\\/uploads\\\/2023\\\/07\\\/11.jpg\",\"articleSection\":[\"Campeonatos\"],\"inLanguage\":\"es\"},{\"@type\":\"WebPage\",\"@id\":\"https:\\\/\\\/grancanariaajedrez.es\\\/index.php\\\/2023\\\/07\\\/17\\\/campeonato-de-espana-por-edades-de-ajedrez-rapido-sub-12\\\/\",\"url\":\"https:\\\/\\\/grancanariaajedrez.es\\\/index.php\\\/2023\\\/07\\\/17\\\/campeonato-de-espana-por-edades-de-ajedrez-rapido-sub-12\\\/\",\"name\":\"Campeonato de Espa\u00f1a por Edades de Ajedrez R\u00e1pido Sub 12. - Federaci\u00f3n insular de ajedrez de Gran Canaria\",\"isPartOf\":{\"@id\":\"https:\\\/\\\/grancanariaajedrez.es\\\/#website\"},\"primaryImageOfPage\":{\"@id\":\"https:\\\/\\\/grancanariaajedrez.es\\\/index.php\\\/2023\\\/07\\\/17\\\/campeonato-de-espana-por-edades-de-ajedrez-rapido-sub-12\\\/#primaryimage\"},\"image\":{\"@id\":\"https:\\\/\\\/grancanariaajedrez.es\\\/index.php\\\/2023\\\/07\\\/17\\\/campeonato-de-espana-por-edades-de-ajedrez-rapido-sub-12\\\/#primaryimage\"},\"thumbnailUrl\":\"https:\\\/\\\/grancanariaajedrez.es\\\/wp-content\\\/uploads\\\/2023\\\/07\\\/11.jpg\",\"datePublished\":\"2023-07-17T17:19:27+00:00\",\"dateModified\":\"2023-07-17T17:21:07+00:00\",\"author\":{\"@id\":\"https:\\\/\\\/grancanariaajedrez.es\\\/#\\\/schema\\\/person\\\/b0d16fd090201dccaa427fbde3f2b13c\"},\"breadcrumb\":{\"@id\":\"https:\\\/\\\/grancanariaajedrez.es\\\/index.php\\\/2023\\\/07\\\/17\\\/campeonato-de-espana-por-edades-de-ajedrez-rapido-sub-12\\\/#breadcrumb\"},\"inLanguage\":\"es\",\"potentialAction\":[{\"@type\":\"ReadAction\",\"target\":[\"https:\\\/\\\/grancanariaajedrez.es\\\/index.php\\\/2023\\\/07\\\/17\\\/campeonato-de-espana-por-edades-de-ajedrez-rapido-sub-12\\\/\"]}]},{\"@type\":\"ImageObject\",\"inLanguage\":\"es\",\"@id\":\"https:\\\/\\\/grancanariaajedrez.es\\\/index.php\\\/2023\\\/07\\\/17\\\/campeonato-de-espana-por-edades-de-ajedrez-rapido-sub-12\\\/#primaryimage\",\"url\":\"https:\\\/\\\/grancanariaajedrez.es\\\/wp-content\\\/uploads\\\/2023\\\/07\\\/11.jpg\",\"contentUrl\":\"https:\\\/\\\/grancanariaajedrez.es\\\/wp-content\\\/uploads\\\/2023\\\/07\\\/11.jpg\",\"width\":2048,\"height\":1402},{\"@type\":\"BreadcrumbList\",\"@id\":\"https:\\\/\\\/grancanariaajedrez.es\\\/index.php\\\/2023\\\/07\\\/17\\\/campeonato-de-espana-por-edades-de-ajedrez-rapido-sub-12\\\/#breadcrumb\",\"itemListElement\":[{\"@type\":\"ListItem\",\"position\":1,\"name\":\"Portada\",\"item\":\"https:\\\/\\\/grancanariaajedrez.es\\\/\"},{\"@type\":\"ListItem\",\"position\":2,\"name\":\"Campeonato de Espa\u00f1a por Edades de Ajedrez R\u00e1pido Sub 12.\"}]},{\"@type\":\"WebSite\",\"@id\":\"https:\\\/\\\/grancanariaajedrez.es\\\/#website\",\"url\":\"https:\\\/\\\/grancanariaajedrez.es\\\/\",\"name\":\"Grancanariaajedrez.es\",\"description\":\"Federaci\u00f3n insular de ajedrez de Gran Canaria\",\"potentialAction\":[{\"@type\":\"SearchAction\",\"target\":{\"@type\":\"EntryPoint\",\"urlTemplate\":\"https:\\\/\\\/grancanariaajedrez.es\\\/?s={search_term_string}\"},\"query-input\":{\"@type\":\"PropertyValueSpecification\",\"valueRequired\":true,\"valueName\":\"search_term_string\"}}],\"inLanguage\":\"es\"},{\"@type\":\"Person\",\"@id\":\"https:\\\/\\\/grancanariaajedrez.es\\\/#\\\/schema\\\/person\\\/b0d16fd090201dccaa427fbde3f2b13c\",\"name\":\"ADMINGCAJEDREZ\",\"image\":{\"@type\":\"ImageObject\",\"inLanguage\":\"es\",\"@id\":\"https:\\\/\\\/secure.gravatar.com\\\/avatar\\\/1758b5530507ae9055bb2356fa3b8ce80bada4e4a30e86add148f90b29c44667?s=96&d=mm&r=g\",\"url\":\"https:\\\/\\\/secure.gravatar.com\\\/avatar\\\/1758b5530507ae9055bb2356fa3b8ce80bada4e4a30e86add148f90b29c44667?s=96&d=mm&r=g\",\"contentUrl\":\"https:\\\/\\\/secure.gravatar.com\\\/avatar\\\/1758b5530507ae9055bb2356fa3b8ce80bada4e4a30e86add148f90b29c44667?s=96&d=mm&r=g\",\"caption\":\"ADMINGCAJEDREZ\"},\"url\":\"https:\\\/\\\/grancanariaajedrez.es\\\/index.php\\\/author\\\/admingcajedrez\\\/\"}]}<\/script>\n<!-- \/ Yoast SEO plugin. -->","yoast_head_json":{"title":"Campeonato de Espa\u00f1a por Edades de Ajedrez R\u00e1pido Sub 12. - Federaci\u00f3n insular de ajedrez de Gran Canaria","robots":{"index":"index","follow":"follow","max-snippet":"max-snippet:-1","max-image-preview":"max-image-preview:large","max-video-preview":"max-video-preview:-1"},"canonical":"https:\/\/grancanariaajedrez.es\/index.php\/2023\/07\/17\/campeonato-de-espana-por-edades-de-ajedrez-rapido-sub-12\/","og_locale":"es_ES","og_type":"article","og_title":"Campeonato de Espa\u00f1a por Edades de Ajedrez R\u00e1pido Sub 12. - Federaci\u00f3n insular de ajedrez de Gran Canaria","og_description":"Durante los d\u00edas 15 y 16 de julio se disput\u00f3 en Salobre\u00f1a(Granada) el Campeonato de Espa\u00f1a de R\u00e1pidas en la categor\u00eda Sub-12.Los jugadores de Gran Canaria participantes han sido Diego S\u00e1nchez Gonz\u00e1lez (C.A. San Mateo), David Blanco Garc\u00eda Bajo (Club Ajedrez la Caja de las Palmas) y Adriana Garc\u00eda Rodr\u00edguez (C.A. Vecindario).Tras 9 rondas es [&hellip;]","og_url":"https:\/\/grancanariaajedrez.es\/index.php\/2023\/07\/17\/campeonato-de-espana-por-edades-de-ajedrez-rapido-sub-12\/","og_site_name":"Federaci\u00f3n insular de ajedrez de Gran Canaria","article_publisher":"https:\/\/www.facebook.com\/people\/Federacion-Ajedrez-Gran-Canaria\/100057093924634\/","article_published_time":"2023-07-17T17:19:27+00:00","article_modified_time":"2023-07-17T17:21:07+00:00","og_image":[{"width":2048,"height":1402,"url":"https:\/\/grancanariaajedrez.es\/wp-content\/uploads\/2023\/07\/11.jpg","type":"image\/jpeg"}],"author":"ADMINGCAJEDREZ","twitter_card":"summary_large_image","twitter_misc":{"Escrito por":"ADMINGCAJEDREZ","Tiempo de lectura":"1 minuto"},"schema":{"@context":"https:\/\/schema.org","@graph":[{"@type":"Article","@id":"https:\/\/grancanariaajedrez.es\/index.php\/2023\/07\/17\/campeonato-de-espana-por-edades-de-ajedrez-rapido-sub-12\/#article","isPartOf":{"@id":"https:\/\/grancanariaajedrez.es\/index.php\/2023\/07\/17\/campeonato-de-espana-por-edades-de-ajedrez-rapido-sub-12\/"},"author":{"name":"ADMINGCAJEDREZ","@id":"https:\/\/grancanariaajedrez.es\/#\/schema\/person\/b0d16fd090201dccaa427fbde3f2b13c"},"headline":"Campeonato de Espa\u00f1a por Edades de Ajedrez R\u00e1pido Sub 12.","datePublished":"2023-07-17T17:19:27+00:00","dateModified":"2023-07-17T17:21:07+00:00","mainEntityOfPage":{"@id":"https:\/\/grancanariaajedrez.es\/index.php\/2023\/07\/17\/campeonato-de-espana-por-edades-de-ajedrez-rapido-sub-12\/"},"wordCount":198,"image":{"@id":"https:\/\/grancanariaajedrez.es\/index.php\/2023\/07\/17\/campeonato-de-espana-por-edades-de-ajedrez-rapido-sub-12\/#primaryimage"},"thumbnailUrl":"https:\/\/grancanariaajedrez.es\/wp-content\/uploads\/2023\/07\/11.jpg","articleSection":["Campeonatos"],"inLanguage":"es"},{"@type":"WebPage","@id":"https:\/\/grancanariaajedrez.es\/index.php\/2023\/07\/17\/campeonato-de-espana-por-edades-de-ajedrez-rapido-sub-12\/","url":"https:\/\/grancanariaajedrez.es\/index.php\/2023\/07\/17\/campeonato-de-espana-por-edades-de-ajedrez-rapido-sub-12\/","name":"Campeonato de Espa\u00f1a por Edades de Ajedrez R\u00e1pido Sub 12. - Federaci\u00f3n insular de ajedrez de Gran Canaria","isPartOf":{"@id":"https:\/\/grancanariaajedrez.es\/#website"},"primaryImageOfPage":{"@id":"https:\/\/grancanariaajedrez.es\/index.php\/2023\/07\/17\/campeonato-de-espana-por-edades-de-ajedrez-rapido-sub-12\/#primaryimage"},"image":{"@id":"https:\/\/grancanariaajedrez.es\/index.php\/2023\/07\/17\/campeonato-de-espana-por-edades-de-ajedrez-rapido-sub-12\/#primaryimage"},"thumbnailUrl":"https:\/\/grancanariaajedrez.es\/wp-content\/uploads\/2023\/07\/11.jpg","datePublished":"2023-07-17T17:19:27+00:00","dateModified":"2023-07-17T17:21:07+00:00","author":{"@id":"https:\/\/grancanariaajedrez.es\/#\/schema\/person\/b0d16fd090201dccaa427fbde3f2b13c"},"breadcrumb":{"@id":"https:\/\/grancanariaajedrez.es\/index.php\/2023\/07\/17\/campeonato-de-espana-por-edades-de-ajedrez-rapido-sub-12\/#breadcrumb"},"inLanguage":"es","potentialAction":[{"@type":"ReadAction","target":["https:\/\/grancanariaajedrez.es\/index.php\/2023\/07\/17\/campeonato-de-espana-por-edades-de-ajedrez-rapido-sub-12\/"]}]},{"@type":"ImageObject","inLanguage":"es","@id":"https:\/\/grancanariaajedrez.es\/index.php\/2023\/07\/17\/campeonato-de-espana-por-edades-de-ajedrez-rapido-sub-12\/#primaryimage","url":"https:\/\/grancanariaajedrez.es\/wp-content\/uploads\/2023\/07\/11.jpg","contentUrl":"https:\/\/grancanariaajedrez.es\/wp-content\/uploads\/2023\/07\/11.jpg","width":2048,"height":1402},{"@type":"BreadcrumbList","@id":"https:\/\/grancanariaajedrez.es\/index.php\/2023\/07\/17\/campeonato-de-espana-por-edades-de-ajedrez-rapido-sub-12\/#breadcrumb","itemListElement":[{"@type":"ListItem","position":1,"name":"Portada","item":"https:\/\/grancanariaajedrez.es\/"},{"@type":"ListItem","position":2,"name":"Campeonato de Espa\u00f1a por Edades de Ajedrez R\u00e1pido Sub 12."}]},{"@type":"WebSite","@id":"https:\/\/grancanariaajedrez.es\/#website","url":"https:\/\/grancanariaajedrez.es\/","name":"Grancanariaajedrez.es","description":"Federaci\u00f3n insular de ajedrez de Gran Canaria","potentialAction":[{"@type":"SearchAction","target":{"@type":"EntryPoint","urlTemplate":"https:\/\/grancanariaajedrez.es\/?s={search_term_string}"},"query-input":{"@type":"PropertyValueSpecification","valueRequired":true,"valueName":"search_term_string"}}],"inLanguage":"es"},{"@type":"Person","@id":"https:\/\/grancanariaajedrez.es\/#\/schema\/person\/b0d16fd090201dccaa427fbde3f2b13c","name":"ADMINGCAJEDREZ","image":{"@type":"ImageObject","inLanguage":"es","@id":"https:\/\/secure.gravatar.com\/avatar\/1758b5530507ae9055bb2356fa3b8ce80bada4e4a30e86add148f90b29c44667?s=96&d=mm&r=g","url":"https:\/\/secure.gravatar.com\/avatar\/1758b5530507ae9055bb2356fa3b8ce80bada4e4a30e86add148f90b29c44667?s=96&d=mm&r=g","contentUrl":"https:\/\/secure.gravatar.com\/avatar\/1758b5530507ae9055bb2356fa3b8ce80bada4e4a30e86add148f90b29c44667?s=96&d=mm&r=g","caption":"ADMINGCAJEDREZ"},"url":"https:\/\/grancanariaajedrez.es\/index.php\/author\/admingcajedrez\/"}]}},"_links":{"self":[{"href":"https:\/\/grancanariaajedrez.es\/index.php\/wp-json\/wp\/v2\/posts\/1912","targetHints":{"allow":["GET"]}}],"collection":[{"href":"https:\/\/grancanariaajedrez.es\/index.php\/wp-json\/wp\/v2\/posts"}],"about":[{"href":"https:\/\/grancanariaajedrez.es\/index.php\/wp-json\/wp\/v2\/types\/post"}],"author":[{"embeddable":true,"href":"https:\/\/grancanariaajedrez.es\/index.php\/wp-json\/wp\/v2\/users\/4"}],"replies":[{"embeddable":true,"href":"https:\/\/grancanariaajedrez.es\/index.php\/wp-json\/wp\/v2\/comments?post=1912"}],"version-history":[{"count":2,"href":"https:\/\/grancanariaajedrez.es\/index.php\/wp-json\/wp\/v2\/posts\/1912\/revisions"}],"predecessor-version":[{"id":1919,"href":"https:\/\/grancanariaajedrez.es\/index.php\/wp-json\/wp\/v2\/posts\/1912\/revisions\/1919"}],"wp:featuredmedia":[{"embeddable":true,"href":"https:\/\/grancanariaajedrez.es\/index.php\/wp-json\/wp\/v2\/media\/1913"}],"wp:attachment":[{"href":"https:\/\/grancanariaajedrez.es\/index.php\/wp-json\/wp\/v2\/media?parent=1912"}],"wp:term":[{"taxonomy":"category","embeddable":true,"href":"https:\/\/grancanariaajedrez.es\/index.php\/wp-json\/wp\/v2\/categories?post=1912"},{"taxonomy":"post_tag","embeddable":true,"href":"https:\/\/grancanariaajedrez.es\/index.php\/wp-json\/wp\/v2\/tags?post=1912"}],"curies":[{"name":"wp","href":"https:\/\/api.w.org\/{rel}","templated":true}]}}