{"id":1874,"date":"2023-07-05T15:27:53","date_gmt":"2023-07-05T15:27:53","guid":{"rendered":"https:\/\/grancanariaajedrez.es\/?p=1874"},"modified":"2023-07-05T17:53:45","modified_gmt":"2023-07-05T17:53:45","slug":"campeonato-de-espana-sub10","status":"publish","type":"post","link":"https:\/\/grancanariaajedrez.es\/index.php\/2023\/07\/05\/campeonato-de-espana-sub10\/","title":{"rendered":"campeonato de Espa\u00f1a Sub10"},"content":{"rendered":"\n<p>Da comienzo el Campeonato de Espa\u00f1a en la categor\u00eda Sub-10.<\/p>\n\n\n\n<p>Los jugadores de Gran Canaria Samuel Morell Rojas (Club Ajedrez la Caja de las Palmas), Rafael Mart\u00ednez Correa (64 Reyes y Damas) y Juan Pedro Sancho Quesada (Club Ajedrez la Caja de las Palmas), son los representantes de la isla de Gran Canaria para esta importante cita que se ha puesto en marcha este lunes en los Campeonatos por Edades de Espa\u00f1a en Salobre\u00f1a, Granada.<\/p>\n\n\n\n<p>Tras finalizar las 3 primeras rondas Rafael Mart\u00ednez Correa ha conseguido 1,5 puntos, Samuel Morell Rojas 0,5 puntos y Juan Pedro Sancho Quesada 0,5 puntos.<\/p>\n\n\n\n<p>Quedan por delante 6 rondas m\u00e1s, en las que estos jugadores dar\u00e1n su mejor esfuerzo en el tablero.<\/p>\n\n\n\n<hr class=\"wp-block-separator has-alpha-channel-opacity\"\/>\n\n\n\n<figure class=\"wp-block-image size-full is-resized\"><img fetchpriority=\"high\" decoding=\"async\" src=\"https:\/\/grancanariaajedrez.es\/wp-content\/uploads\/2023\/07\/IMG-20230705-WA0003.jpg\" alt=\"\" class=\"wp-image-1875\" width=\"410\" height=\"401\" srcset=\"https:\/\/grancanariaajedrez.es\/wp-content\/uploads\/2023\/07\/IMG-20230705-WA0003.jpg 1024w, https:\/\/grancanariaajedrez.es\/wp-content\/uploads\/2023\/07\/IMG-20230705-WA0003-300x294.jpg 300w, https:\/\/grancanariaajedrez.es\/wp-content\/uploads\/2023\/07\/IMG-20230705-WA0003-768x752.jpg 768w\" sizes=\"(max-width: 410px) 100vw, 410px\" \/><\/figure>\n\n\n\n<figure class=\"wp-block-image size-full is-resized\"><img decoding=\"async\" src=\"https:\/\/grancanariaajedrez.es\/wp-content\/uploads\/2023\/07\/IMG-20230705-WA0004.jpg\" alt=\"\" class=\"wp-image-1876\" width=\"419\" height=\"366\" srcset=\"https:\/\/grancanariaajedrez.es\/wp-content\/uploads\/2023\/07\/IMG-20230705-WA0004.jpg 1024w, https:\/\/grancanariaajedrez.es\/wp-content\/uploads\/2023\/07\/IMG-20230705-WA0004-300x262.jpg 300w, https:\/\/grancanariaajedrez.es\/wp-content\/uploads\/2023\/07\/IMG-20230705-WA0004-768x671.jpg 768w\" sizes=\"(max-width: 419px) 100vw, 419px\" \/><\/figure>\n\n\n\n<figure class=\"wp-block-image size-large is-resized\"><img decoding=\"async\" src=\"https:\/\/grancanariaajedrez.es\/wp-content\/uploads\/2023\/07\/IMG-20230705-WA0002-1024x951.jpg\" alt=\"\" class=\"wp-image-1877\" width=\"425\" height=\"395\" srcset=\"https:\/\/grancanariaajedrez.es\/wp-content\/uploads\/2023\/07\/IMG-20230705-WA0002-1024x951.jpg 1024w, https:\/\/grancanariaajedrez.es\/wp-content\/uploads\/2023\/07\/IMG-20230705-WA0002-300x279.jpg 300w, https:\/\/grancanariaajedrez.es\/wp-content\/uploads\/2023\/07\/IMG-20230705-WA0002-768x713.jpg 768w, https:\/\/grancanariaajedrez.es\/wp-content\/uploads\/2023\/07\/IMG-20230705-WA0002-1536x1427.jpg 1536w, https:\/\/grancanariaajedrez.es\/wp-content\/uploads\/2023\/07\/IMG-20230705-WA0002.jpg 2048w\" sizes=\"(max-width: 425px) 100vw, 425px\" \/><\/figure>\n\n\n<figure class=\"wp-block-post-featured-image\"><img loading=\"lazy\" decoding=\"async\" width=\"1080\" height=\"1080\" src=\"https:\/\/grancanariaajedrez.es\/wp-content\/uploads\/2023\/07\/20230705_163235_0000.png\" class=\"attachment-post-thumbnail size-post-thumbnail wp-post-image\" alt=\"\" style=\"object-fit:cover;\" srcset=\"https:\/\/grancanariaajedrez.es\/wp-content\/uploads\/2023\/07\/20230705_163235_0000.png 1080w, https:\/\/grancanariaajedrez.es\/wp-content\/uploads\/2023\/07\/20230705_163235_0000-300x300.png 300w, https:\/\/grancanariaajedrez.es\/wp-content\/uploads\/2023\/07\/20230705_163235_0000-1024x1024.png 1024w, https:\/\/grancanariaajedrez.es\/wp-content\/uploads\/2023\/07\/20230705_163235_0000-150x150.png 150w, https:\/\/grancanariaajedrez.es\/wp-content\/uploads\/2023\/07\/20230705_163235_0000-768x768.png 768w\" sizes=\"(max-width: 1080px) 100vw, 1080px\" \/><\/figure>","protected":false},"excerpt":{"rendered":"<p>Da comienzo el Campeonato de Espa\u00f1a en la categor\u00eda Sub-10. Los jugadores de Gran Canaria Samuel Morell Rojas (Club Ajedrez la Caja de las Palmas), Rafael Mart\u00ednez Correa (64 Reyes y Damas) y Juan Pedro Sancho Quesada (Club Ajedrez la Caja de las Palmas), son los representantes de la isla de Gran Canaria para esta [&hellip;]<\/p>\n","protected":false},"author":4,"featured_media":1880,"comment_status":"closed","ping_status":"open","sticky":false,"template":"","format":"standard","meta":{"ngg_post_thumbnail":0,"footnotes":""},"categories":[21],"tags":[],"class_list":["post-1874","post","type-post","status-publish","format-standard","has-post-thumbnail","hentry","category-campeonatos"],"yoast_head":"<!-- This site is optimized with the Yoast SEO plugin v27.5 - https:\/\/yoast.com\/product\/yoast-seo-wordpress\/ -->\n<title>campeonato de Espa\u00f1a Sub10 - Federaci\u00f3n insular de ajedrez de Gran Canaria<\/title>\n<meta name=\"robots\" content=\"index, follow, max-snippet:-1, max-image-preview:large, max-video-preview:-1\" \/>\n<link rel=\"canonical\" href=\"https:\/\/grancanariaajedrez.es\/index.php\/2023\/07\/05\/campeonato-de-espana-sub10\/\" \/>\n<meta property=\"og:locale\" content=\"es_ES\" \/>\n<meta property=\"og:type\" content=\"article\" \/>\n<meta property=\"og:title\" content=\"campeonato de Espa\u00f1a Sub10 - Federaci\u00f3n insular de ajedrez de Gran Canaria\" \/>\n<meta property=\"og:description\" content=\"Da comienzo el Campeonato de Espa\u00f1a en la categor\u00eda Sub-10. Los jugadores de Gran Canaria Samuel Morell Rojas (Club Ajedrez la Caja de las Palmas), Rafael Mart\u00ednez Correa (64 Reyes y Damas) y Juan Pedro Sancho Quesada (Club Ajedrez la Caja de las Palmas), son los representantes de la isla de Gran Canaria para esta [&hellip;]\" \/>\n<meta property=\"og:url\" content=\"https:\/\/grancanariaajedrez.es\/index.php\/2023\/07\/05\/campeonato-de-espana-sub10\/\" \/>\n<meta property=\"og:site_name\" content=\"Federaci\u00f3n insular de ajedrez de Gran Canaria\" \/>\n<meta property=\"article:publisher\" content=\"https:\/\/www.facebook.com\/people\/Federacion-Ajedrez-Gran-Canaria\/100057093924634\/\" \/>\n<meta property=\"article:published_time\" content=\"2023-07-05T15:27:53+00:00\" \/>\n<meta property=\"article:modified_time\" content=\"2023-07-05T17:53:45+00:00\" \/>\n<meta property=\"og:image\" content=\"https:\/\/grancanariaajedrez.es\/wp-content\/uploads\/2023\/07\/20230705_163235_0000.png\" \/>\n\t<meta property=\"og:image:width\" content=\"1080\" \/>\n\t<meta property=\"og:image:height\" content=\"1080\" \/>\n\t<meta property=\"og:image:type\" content=\"image\/png\" \/>\n<meta name=\"author\" content=\"ADMINGCAJEDREZ\" \/>\n<meta name=\"twitter:card\" content=\"summary_large_image\" \/>\n<meta name=\"twitter:label1\" content=\"Escrito por\" \/>\n\t<meta name=\"twitter:data1\" content=\"ADMINGCAJEDREZ\" \/>\n\t<meta name=\"twitter:label2\" content=\"Tiempo de lectura\" \/>\n\t<meta name=\"twitter:data2\" content=\"1 minuto\" \/>\n<script type=\"application\/ld+json\" class=\"yoast-schema-graph\">{\"@context\":\"https:\\\/\\\/schema.org\",\"@graph\":[{\"@type\":\"Article\",\"@id\":\"https:\\\/\\\/grancanariaajedrez.es\\\/index.php\\\/2023\\\/07\\\/05\\\/campeonato-de-espana-sub10\\\/#article\",\"isPartOf\":{\"@id\":\"https:\\\/\\\/grancanariaajedrez.es\\\/index.php\\\/2023\\\/07\\\/05\\\/campeonato-de-espana-sub10\\\/\"},\"author\":{\"name\":\"ADMINGCAJEDREZ\",\"@id\":\"https:\\\/\\\/grancanariaajedrez.es\\\/#\\\/schema\\\/person\\\/b0d16fd090201dccaa427fbde3f2b13c\"},\"headline\":\"campeonato de Espa\u00f1a Sub10\",\"datePublished\":\"2023-07-05T15:27:53+00:00\",\"dateModified\":\"2023-07-05T17:53:45+00:00\",\"mainEntityOfPage\":{\"@id\":\"https:\\\/\\\/grancanariaajedrez.es\\\/index.php\\\/2023\\\/07\\\/05\\\/campeonato-de-espana-sub10\\\/\"},\"wordCount\":125,\"image\":{\"@id\":\"https:\\\/\\\/grancanariaajedrez.es\\\/index.php\\\/2023\\\/07\\\/05\\\/campeonato-de-espana-sub10\\\/#primaryimage\"},\"thumbnailUrl\":\"https:\\\/\\\/grancanariaajedrez.es\\\/wp-content\\\/uploads\\\/2023\\\/07\\\/20230705_163235_0000.png\",\"articleSection\":[\"Campeonatos\"],\"inLanguage\":\"es\"},{\"@type\":\"WebPage\",\"@id\":\"https:\\\/\\\/grancanariaajedrez.es\\\/index.php\\\/2023\\\/07\\\/05\\\/campeonato-de-espana-sub10\\\/\",\"url\":\"https:\\\/\\\/grancanariaajedrez.es\\\/index.php\\\/2023\\\/07\\\/05\\\/campeonato-de-espana-sub10\\\/\",\"name\":\"campeonato de Espa\u00f1a Sub10 - Federaci\u00f3n insular de ajedrez de Gran Canaria\",\"isPartOf\":{\"@id\":\"https:\\\/\\\/grancanariaajedrez.es\\\/#website\"},\"primaryImageOfPage\":{\"@id\":\"https:\\\/\\\/grancanariaajedrez.es\\\/index.php\\\/2023\\\/07\\\/05\\\/campeonato-de-espana-sub10\\\/#primaryimage\"},\"image\":{\"@id\":\"https:\\\/\\\/grancanariaajedrez.es\\\/index.php\\\/2023\\\/07\\\/05\\\/campeonato-de-espana-sub10\\\/#primaryimage\"},\"thumbnailUrl\":\"https:\\\/\\\/grancanariaajedrez.es\\\/wp-content\\\/uploads\\\/2023\\\/07\\\/20230705_163235_0000.png\",\"datePublished\":\"2023-07-05T15:27:53+00:00\",\"dateModified\":\"2023-07-05T17:53:45+00:00\",\"author\":{\"@id\":\"https:\\\/\\\/grancanariaajedrez.es\\\/#\\\/schema\\\/person\\\/b0d16fd090201dccaa427fbde3f2b13c\"},\"breadcrumb\":{\"@id\":\"https:\\\/\\\/grancanariaajedrez.es\\\/index.php\\\/2023\\\/07\\\/05\\\/campeonato-de-espana-sub10\\\/#breadcrumb\"},\"inLanguage\":\"es\",\"potentialAction\":[{\"@type\":\"ReadAction\",\"target\":[\"https:\\\/\\\/grancanariaajedrez.es\\\/index.php\\\/2023\\\/07\\\/05\\\/campeonato-de-espana-sub10\\\/\"]}]},{\"@type\":\"ImageObject\",\"inLanguage\":\"es\",\"@id\":\"https:\\\/\\\/grancanariaajedrez.es\\\/index.php\\\/2023\\\/07\\\/05\\\/campeonato-de-espana-sub10\\\/#primaryimage\",\"url\":\"https:\\\/\\\/grancanariaajedrez.es\\\/wp-content\\\/uploads\\\/2023\\\/07\\\/20230705_163235_0000.png\",\"contentUrl\":\"https:\\\/\\\/grancanariaajedrez.es\\\/wp-content\\\/uploads\\\/2023\\\/07\\\/20230705_163235_0000.png\",\"width\":1080,\"height\":1080},{\"@type\":\"BreadcrumbList\",\"@id\":\"https:\\\/\\\/grancanariaajedrez.es\\\/index.php\\\/2023\\\/07\\\/05\\\/campeonato-de-espana-sub10\\\/#breadcrumb\",\"itemListElement\":[{\"@type\":\"ListItem\",\"position\":1,\"name\":\"Portada\",\"item\":\"https:\\\/\\\/grancanariaajedrez.es\\\/\"},{\"@type\":\"ListItem\",\"position\":2,\"name\":\"campeonato de Espa\u00f1a Sub10\"}]},{\"@type\":\"WebSite\",\"@id\":\"https:\\\/\\\/grancanariaajedrez.es\\\/#website\",\"url\":\"https:\\\/\\\/grancanariaajedrez.es\\\/\",\"name\":\"Grancanariaajedrez.es\",\"description\":\"Federaci\u00f3n insular de ajedrez de Gran Canaria\",\"potentialAction\":[{\"@type\":\"SearchAction\",\"target\":{\"@type\":\"EntryPoint\",\"urlTemplate\":\"https:\\\/\\\/grancanariaajedrez.es\\\/?s={search_term_string}\"},\"query-input\":{\"@type\":\"PropertyValueSpecification\",\"valueRequired\":true,\"valueName\":\"search_term_string\"}}],\"inLanguage\":\"es\"},{\"@type\":\"Person\",\"@id\":\"https:\\\/\\\/grancanariaajedrez.es\\\/#\\\/schema\\\/person\\\/b0d16fd090201dccaa427fbde3f2b13c\",\"name\":\"ADMINGCAJEDREZ\",\"image\":{\"@type\":\"ImageObject\",\"inLanguage\":\"es\",\"@id\":\"https:\\\/\\\/secure.gravatar.com\\\/avatar\\\/1758b5530507ae9055bb2356fa3b8ce80bada4e4a30e86add148f90b29c44667?s=96&d=mm&r=g\",\"url\":\"https:\\\/\\\/secure.gravatar.com\\\/avatar\\\/1758b5530507ae9055bb2356fa3b8ce80bada4e4a30e86add148f90b29c44667?s=96&d=mm&r=g\",\"contentUrl\":\"https:\\\/\\\/secure.gravatar.com\\\/avatar\\\/1758b5530507ae9055bb2356fa3b8ce80bada4e4a30e86add148f90b29c44667?s=96&d=mm&r=g\",\"caption\":\"ADMINGCAJEDREZ\"},\"url\":\"https:\\\/\\\/grancanariaajedrez.es\\\/index.php\\\/author\\\/admingcajedrez\\\/\"}]}<\/script>\n<!-- \/ Yoast SEO plugin. -->","yoast_head_json":{"title":"campeonato de Espa\u00f1a Sub10 - Federaci\u00f3n insular de ajedrez de Gran Canaria","robots":{"index":"index","follow":"follow","max-snippet":"max-snippet:-1","max-image-preview":"max-image-preview:large","max-video-preview":"max-video-preview:-1"},"canonical":"https:\/\/grancanariaajedrez.es\/index.php\/2023\/07\/05\/campeonato-de-espana-sub10\/","og_locale":"es_ES","og_type":"article","og_title":"campeonato de Espa\u00f1a Sub10 - Federaci\u00f3n insular de ajedrez de Gran Canaria","og_description":"Da comienzo el Campeonato de Espa\u00f1a en la categor\u00eda Sub-10. Los jugadores de Gran Canaria Samuel Morell Rojas (Club Ajedrez la Caja de las Palmas), Rafael Mart\u00ednez Correa (64 Reyes y Damas) y Juan Pedro Sancho Quesada (Club Ajedrez la Caja de las Palmas), son los representantes de la isla de Gran Canaria para esta [&hellip;]","og_url":"https:\/\/grancanariaajedrez.es\/index.php\/2023\/07\/05\/campeonato-de-espana-sub10\/","og_site_name":"Federaci\u00f3n insular de ajedrez de Gran Canaria","article_publisher":"https:\/\/www.facebook.com\/people\/Federacion-Ajedrez-Gran-Canaria\/100057093924634\/","article_published_time":"2023-07-05T15:27:53+00:00","article_modified_time":"2023-07-05T17:53:45+00:00","og_image":[{"width":1080,"height":1080,"url":"https:\/\/grancanariaajedrez.es\/wp-content\/uploads\/2023\/07\/20230705_163235_0000.png","type":"image\/png"}],"author":"ADMINGCAJEDREZ","twitter_card":"summary_large_image","twitter_misc":{"Escrito por":"ADMINGCAJEDREZ","Tiempo de lectura":"1 minuto"},"schema":{"@context":"https:\/\/schema.org","@graph":[{"@type":"Article","@id":"https:\/\/grancanariaajedrez.es\/index.php\/2023\/07\/05\/campeonato-de-espana-sub10\/#article","isPartOf":{"@id":"https:\/\/grancanariaajedrez.es\/index.php\/2023\/07\/05\/campeonato-de-espana-sub10\/"},"author":{"name":"ADMINGCAJEDREZ","@id":"https:\/\/grancanariaajedrez.es\/#\/schema\/person\/b0d16fd090201dccaa427fbde3f2b13c"},"headline":"campeonato de Espa\u00f1a Sub10","datePublished":"2023-07-05T15:27:53+00:00","dateModified":"2023-07-05T17:53:45+00:00","mainEntityOfPage":{"@id":"https:\/\/grancanariaajedrez.es\/index.php\/2023\/07\/05\/campeonato-de-espana-sub10\/"},"wordCount":125,"image":{"@id":"https:\/\/grancanariaajedrez.es\/index.php\/2023\/07\/05\/campeonato-de-espana-sub10\/#primaryimage"},"thumbnailUrl":"https:\/\/grancanariaajedrez.es\/wp-content\/uploads\/2023\/07\/20230705_163235_0000.png","articleSection":["Campeonatos"],"inLanguage":"es"},{"@type":"WebPage","@id":"https:\/\/grancanariaajedrez.es\/index.php\/2023\/07\/05\/campeonato-de-espana-sub10\/","url":"https:\/\/grancanariaajedrez.es\/index.php\/2023\/07\/05\/campeonato-de-espana-sub10\/","name":"campeonato de Espa\u00f1a Sub10 - Federaci\u00f3n insular de ajedrez de Gran Canaria","isPartOf":{"@id":"https:\/\/grancanariaajedrez.es\/#website"},"primaryImageOfPage":{"@id":"https:\/\/grancanariaajedrez.es\/index.php\/2023\/07\/05\/campeonato-de-espana-sub10\/#primaryimage"},"image":{"@id":"https:\/\/grancanariaajedrez.es\/index.php\/2023\/07\/05\/campeonato-de-espana-sub10\/#primaryimage"},"thumbnailUrl":"https:\/\/grancanariaajedrez.es\/wp-content\/uploads\/2023\/07\/20230705_163235_0000.png","datePublished":"2023-07-05T15:27:53+00:00","dateModified":"2023-07-05T17:53:45+00:00","author":{"@id":"https:\/\/grancanariaajedrez.es\/#\/schema\/person\/b0d16fd090201dccaa427fbde3f2b13c"},"breadcrumb":{"@id":"https:\/\/grancanariaajedrez.es\/index.php\/2023\/07\/05\/campeonato-de-espana-sub10\/#breadcrumb"},"inLanguage":"es","potentialAction":[{"@type":"ReadAction","target":["https:\/\/grancanariaajedrez.es\/index.php\/2023\/07\/05\/campeonato-de-espana-sub10\/"]}]},{"@type":"ImageObject","inLanguage":"es","@id":"https:\/\/grancanariaajedrez.es\/index.php\/2023\/07\/05\/campeonato-de-espana-sub10\/#primaryimage","url":"https:\/\/grancanariaajedrez.es\/wp-content\/uploads\/2023\/07\/20230705_163235_0000.png","contentUrl":"https:\/\/grancanariaajedrez.es\/wp-content\/uploads\/2023\/07\/20230705_163235_0000.png","width":1080,"height":1080},{"@type":"BreadcrumbList","@id":"https:\/\/grancanariaajedrez.es\/index.php\/2023\/07\/05\/campeonato-de-espana-sub10\/#breadcrumb","itemListElement":[{"@type":"ListItem","position":1,"name":"Portada","item":"https:\/\/grancanariaajedrez.es\/"},{"@type":"ListItem","position":2,"name":"campeonato de Espa\u00f1a Sub10"}]},{"@type":"WebSite","@id":"https:\/\/grancanariaajedrez.es\/#website","url":"https:\/\/grancanariaajedrez.es\/","name":"Grancanariaajedrez.es","description":"Federaci\u00f3n insular de ajedrez de Gran Canaria","potentialAction":[{"@type":"SearchAction","target":{"@type":"EntryPoint","urlTemplate":"https:\/\/grancanariaajedrez.es\/?s={search_term_string}"},"query-input":{"@type":"PropertyValueSpecification","valueRequired":true,"valueName":"search_term_string"}}],"inLanguage":"es"},{"@type":"Person","@id":"https:\/\/grancanariaajedrez.es\/#\/schema\/person\/b0d16fd090201dccaa427fbde3f2b13c","name":"ADMINGCAJEDREZ","image":{"@type":"ImageObject","inLanguage":"es","@id":"https:\/\/secure.gravatar.com\/avatar\/1758b5530507ae9055bb2356fa3b8ce80bada4e4a30e86add148f90b29c44667?s=96&d=mm&r=g","url":"https:\/\/secure.gravatar.com\/avatar\/1758b5530507ae9055bb2356fa3b8ce80bada4e4a30e86add148f90b29c44667?s=96&d=mm&r=g","contentUrl":"https:\/\/secure.gravatar.com\/avatar\/1758b5530507ae9055bb2356fa3b8ce80bada4e4a30e86add148f90b29c44667?s=96&d=mm&r=g","caption":"ADMINGCAJEDREZ"},"url":"https:\/\/grancanariaajedrez.es\/index.php\/author\/admingcajedrez\/"}]}},"_links":{"self":[{"href":"https:\/\/grancanariaajedrez.es\/index.php\/wp-json\/wp\/v2\/posts\/1874","targetHints":{"allow":["GET"]}}],"collection":[{"href":"https:\/\/grancanariaajedrez.es\/index.php\/wp-json\/wp\/v2\/posts"}],"about":[{"href":"https:\/\/grancanariaajedrez.es\/index.php\/wp-json\/wp\/v2\/types\/post"}],"author":[{"embeddable":true,"href":"https:\/\/grancanariaajedrez.es\/index.php\/wp-json\/wp\/v2\/users\/4"}],"replies":[{"embeddable":true,"href":"https:\/\/grancanariaajedrez.es\/index.php\/wp-json\/wp\/v2\/comments?post=1874"}],"version-history":[{"count":3,"href":"https:\/\/grancanariaajedrez.es\/index.php\/wp-json\/wp\/v2\/posts\/1874\/revisions"}],"predecessor-version":[{"id":1883,"href":"https:\/\/grancanariaajedrez.es\/index.php\/wp-json\/wp\/v2\/posts\/1874\/revisions\/1883"}],"wp:featuredmedia":[{"embeddable":true,"href":"https:\/\/grancanariaajedrez.es\/index.php\/wp-json\/wp\/v2\/media\/1880"}],"wp:attachment":[{"href":"https:\/\/grancanariaajedrez.es\/index.php\/wp-json\/wp\/v2\/media?parent=1874"}],"wp:term":[{"taxonomy":"category","embeddable":true,"href":"https:\/\/grancanariaajedrez.es\/index.php\/wp-json\/wp\/v2\/categories?post=1874"},{"taxonomy":"post_tag","embeddable":true,"href":"https:\/\/grancanariaajedrez.es\/index.php\/wp-json\/wp\/v2\/tags?post=1874"}],"curies":[{"name":"wp","href":"https:\/\/api.w.org\/{rel}","templated":true}]}}